{"id":606060,"date":"2025-12-17T21:15:14","date_gmt":"2025-12-17T21:15:14","guid":{"rendered":"https:\/\/www.europesays.com\/fr\/606060\/"},"modified":"2025-12-17T21:15:14","modified_gmt":"2025-12-17T21:15:14","slug":"une-femme-defenestree-et-grievement-blessee-par-son-conjoint-a-montpellier-lauteur-en-fuite","status":"publish","type":"post","link":"https:\/\/www.europesays.com\/fr\/606060\/","title":{"rendered":"Une femme d\u00e9fenestr\u00e9e et gri\u00e8vement bless\u00e9e par son conjoint \u00e0 Montpellier : l&rsquo;auteur en fuite"},"content":{"rendered":"<p>                    Par<br \/>\n        <strong><br \/>\n            <a href=\"https:\/\/actu.fr\/auteur\/jm-aubert\" title=\"Consulter tous les articles de Jean-Marc Aubert\" target=\"_blank\" rel=\"noopener\">Jean-Marc Aubert<\/a><br \/>\n                    <\/strong><\/p>\n<p>        Publi\u00e9 le<\/p>\n<p>            17 d\u00e9c. 2025 \u00e0 21h46        <\/p>\n<p>\/ INFO M\u00c9TROPOLITAIN \/<\/p>\n<p class=\" wall-content\">Une femme a \u00e9t\u00e9<strong> d\u00e9fenestr\u00e9e<\/strong> par son conjoint, ce mercredi soir, \u00e0<strong> Montpellier<\/strong>. Elle est gri\u00e8vement bless\u00e9e. L\u2019auteur pr\u00e9sum\u00e9 est en fuite et recherch\u00e9.<\/p>\n<p class=\" wall-content\">Cette <strong>tentative d\u2019homicide volontaire<\/strong> s\u2019est d\u00e9roul\u00e9e \u00e0 20h30, ce mercredi 17 d\u00e9cembre 2025, dans un immeuble de l\u2019avenue de Barcelone, au coeur du quartier de la Mosson-la Paillade, selon nos informations.<\/p>\n<p>    <a href=\"https:\/\/www.google.com\/maps\/embed?pb=!1m18!1m12!1m3!1d4516.388272209101!2d3.815481023269188!3d43.623242360930135!2m3!1f0!2f0!3f0!3m2!1i1024!2i768!4f13.1!3m3!1m2!1s0x12b6ac25a5d999b3%3A0x20cd269de1509074!2sAv.%20de%20Barcelone%2C%2034080%20Montpellier!5e0!3m2!1sfr!2sfr!4v1766004238738!5m2!1sfr!2sfr\" title=\"Ouvrie le lien\" target=\"_blank\" rel=\"noopener\">Cliquez ici pour visualiser le contenu<\/a><\/p>\n<p class=\" wall-content\">Une violente dispute conjugale aurait \u00e9clat\u00e9 dans l\u2019appartement du concubin de la victime, pour une raison encore ind\u00e9termin\u00e9e et tout aurait d\u00e9g\u00e9n\u00e9r\u00e9. La compagne aurait \u00e9t\u00e9 volontairement pr\u00e9cipit\u00e9e dans le vide depuis le premier \u00e9tage et a \u00e9t\u00e9 gri\u00e8vement bless\u00e9e, soufrant notamment d\u2019une fracture ouverte d\u2019une cheville. Elle a \u00e9t\u00e9 admise en urgence absolue dans l\u2019unit\u00e9 \u00ab\u00a0d\u00e9choc\u00a0\u00bb des urgences de l\u2019h\u00f4pital Lapeyronie, mais ses jours ne seraient pas en danger, selon un diagnostic provisoire.<\/p>\n<p class=\" wall-content\">Avant de s\u2019enfuir, l\u2019auteur pr\u00e9sum\u00e9 aurait tent\u00e9 de bloquer avec sa voiture les v\u00e9hicules des sapeurs-pompiers du<strong> Sdis 34<\/strong> et l\u2019ambulance du <strong>Smur-Samu 34<\/strong> pour emp\u00eacher le transfert de la victime au CHU. Il est activement recherch\u00e9.<\/p>\n<p>Vid\u00e9os : en ce moment sur Actu<\/p>\n<p class=\" wall-content\">La<strong> police nationale<\/strong> -DIPN 34- est charg\u00e9e de l\u2019enqu\u00eate. Les policiers auraient d\u00e9j\u00e0 pu entendre sommairement la victime pour \u00e9tablir ce qui a pu se passer ce soir dans ce huis clos et des d\u00e9tails sur la voiture du conjoint pour \u00e9ventuellement la localiser.<\/p>\n<p class=\" wall-content\"><strong>&gt; Plus d\u2019informations \u00e0 suivre.<\/strong><\/p>\n<p class=\" wall-content\">Personnalisez votre actualit\u00e9 en ajoutant vos villes et m\u00e9dias en favori avec <a href=\"https:\/\/moncompte.actu.fr\" title=\"D\u00e9couvez Mon Actu\" rel=\"nofollow noopener\" data-trk=\"{&quot;cta&quot;:{&quot;action&quot;:&quot;https:\\\/\\\/moncompte.actu.fr&quot;,&quot;category&quot;:&quot;mon compte&quot;,&quot;from&quot;:&quot;article footer&quot;,&quot;name&quot;:&quot;Mon actu&quot;,&quot;type&quot;:&quot;cta&quot;}}\" target=\"_blank\">Mon Actu<\/a>.<\/p>\n","protected":false},"excerpt":{"rendered":"Par Jean-Marc Aubert Publi\u00e9 le 17 d\u00e9c. 2025 \u00e0 21h46 \/ INFO M\u00c9TROPOLITAIN \/ Une femme a \u00e9t\u00e9&hellip;\n","protected":false},"author":2,"featured_media":606061,"comment_status":"","ping_status":"","sticky":false,"template":"","format":"standard","meta":{"footnotes":""},"categories":[9599],"tags":[1111,11,15154,1777,674,118,1011,27,2208,12,2680,1072,1311,25],"class_list":{"0":"post-606060","1":"post","2":"type-post","3":"status-publish","4":"format-standard","5":"has-post-thumbnail","7":"category-montpellier","8":"tag-actu","9":"tag-actualites","10":"tag-chu-de-montpellier","11":"tag-eu","12":"tag-europe","13":"tag-faits-divers","14":"tag-fr","15":"tag-france","16":"tag-montpellier","17":"tag-news","18":"tag-occitanie","19":"tag-police","20":"tag-pompiers","21":"tag-republique-francaise"},"share_on_mastodon":{"url":"https:\/\/pubeurope.com\/@fr\/115736983941706861","error":""},"_links":{"self":[{"href":"https:\/\/www.europesays.com\/fr\/wp-json\/wp\/v2\/posts\/606060","targetHints":{"allow":["GET"]}}],"collection":[{"href":"https:\/\/www.europesays.com\/fr\/wp-json\/wp\/v2\/posts"}],"about":[{"href":"https:\/\/www.europesays.com\/fr\/wp-json\/wp\/v2\/types\/post"}],"author":[{"embeddable":true,"href":"https:\/\/www.europesays.com\/fr\/wp-json\/wp\/v2\/users\/2"}],"replies":[{"embeddable":true,"href":"https:\/\/www.europesays.com\/fr\/wp-json\/wp\/v2\/comments?post=606060"}],"version-history":[{"count":0,"href":"https:\/\/www.europesays.com\/fr\/wp-json\/wp\/v2\/posts\/606060\/revisions"}],"wp:featuredmedia":[{"embeddable":true,"href":"https:\/\/www.europesays.com\/fr\/wp-json\/wp\/v2\/media\/606061"}],"wp:attachment":[{"href":"https:\/\/www.europesays.com\/fr\/wp-json\/wp\/v2\/media?parent=606060"}],"wp:term":[{"taxonomy":"category","embeddable":true,"href":"https:\/\/www.europesays.com\/fr\/wp-json\/wp\/v2\/categories?post=606060"},{"taxonomy":"post_tag","embeddable":true,"href":"https:\/\/www.europesays.com\/fr\/wp-json\/wp\/v2\/tags?post=606060"}],"curies":[{"name":"wp","href":"https:\/\/api.w.org\/{rel}","templated":true}]}}