{"id":606071,"date":"2025-12-17T21:22:18","date_gmt":"2025-12-17T21:22:18","guid":{"rendered":"https:\/\/www.europesays.com\/fr\/606071\/"},"modified":"2025-12-17T21:22:18","modified_gmt":"2025-12-17T21:22:18","slug":"apres-un-incendie-dans-une-concession-ford-pres-de-rennes-lactivite-provisoirement-deplacee-2","status":"publish","type":"post","link":"https:\/\/www.europesays.com\/fr\/606071\/","title":{"rendered":"Apr\u00e8s un incendie dans une concession Ford pr\u00e8s de Rennes, l\u2019activit\u00e9 provisoirement d\u00e9plac\u00e9e"},"content":{"rendered":"<p>Dans la nuit du vendredi\u00a05 au samedi 6\u00a0d\u00e9cembre 2025, un incendie s\u2019est d\u00e9clar\u00e9 chez le concessionnaire Ford, au 13, rue de la Rigourdi\u00e8re, \u00e0 Cesson-S\u00e9vign\u00e9 (Ille-et-Vilaine).<\/p>\n<p>L\u2019accueil des clients sur le site de MG<\/p>\n<p>\u00a0Le hall a \u00e9t\u00e9 touch\u00e9, mais toute la partie m\u00e9canique, carrosserie a \u00e9t\u00e9 pr\u00e9serv\u00e9e, ainsi que le magasin. Mais on ne peut plus accueillir de clients et tous nos ateliers ont \u00e9t\u00e9 d\u00e9plac\u00e9s sur le site de MG, 23, rue de Bray, toujours \u00e0 Cesson-S\u00e9vign\u00e9, explique l\u2019un des responsables de la concession. Heureusement que les v\u00e9hicules n\u2019ont pas \u00e9t\u00e9 touch\u00e9s. Si \u00e7a s\u2019\u00e9tait propag\u00e9 aux voitures \u00e9lectriques, il n\u2019y avait plus rien\u00a0<\/p>\n<p><strong>Lire aussi\u00a0:<\/strong> <a href=\"https:\/\/rennes.maville.com\/actu\/actudet_-future-ligne-de-trambus-entre-vezin-le-coquet-et-cesson-sevigne-quels-sont-les-travaux-prevus-a-partir-de-janvier-2026-_7-7111873_actu.Htm\" target=\"_blank\" rel=\"noopener\">Future ligne de Trambus entre V\u00e9zin-le-Coquet et Cesson-S\u00e9vign\u00e9\u00a0: quels sont les travaux pr\u00e9vus \u00e0 partir de janvier\u00a02026<\/a><\/p>\n<p>Ce mercredi, en pr\u00e9sence du responsable de la concession, des experts \u00e9taient sur place afin d\u2019analyser les causes de l\u2019incendie, qui serait d\u2019origine accidentelle.<\/p>\n<p>Dans le meilleur des cas, la r\u00e9ouverture est souhait\u00e9e dans trois \u00e0 quatre mois, le but \u00e9tant de faire revenir la pr\u00e9vente et le service d\u2019occasion au plus vite.<\/p>\n<p>\u00a0<\/p>\n","protected":false},"excerpt":{"rendered":"Dans la nuit du vendredi\u00a05 au samedi 6\u00a0d\u00e9cembre 2025, un incendie s\u2019est d\u00e9clar\u00e9 chez le concessionnaire Ford, au&hellip;\n","protected":false},"author":2,"featured_media":606070,"comment_status":"","ping_status":"","sticky":false,"template":"","format":"standard","meta":{"footnotes":""},"categories":[2821],"tags":[12408,1111,11,829,10568,71753,1777,674,20722,1011,27,1310,12,3762,71752,3086,584,25],"class_list":{"0":"post-606071","1":"post","2":"type-post","3":"status-publish","4":"format-standard","5":"has-post-thumbnail","7":"category-rennes","8":"tag-activite","9":"tag-actu","10":"tag-actualites","11":"tag-bretagne","12":"tag-concession","13":"tag-deplacee","14":"tag-eu","15":"tag-europe","16":"tag-ford","17":"tag-fr","18":"tag-france","19":"tag-incendie","20":"tag-news","21":"tag-pres","22":"tag-provisoirement","23":"tag-redon","24":"tag-rennes","25":"tag-republique-francaise"},"share_on_mastodon":{"url":"https:\/\/pubeurope.com\/@fr\/115737011617957154","error":""},"_links":{"self":[{"href":"https:\/\/www.europesays.com\/fr\/wp-json\/wp\/v2\/posts\/606071","targetHints":{"allow":["GET"]}}],"collection":[{"href":"https:\/\/www.europesays.com\/fr\/wp-json\/wp\/v2\/posts"}],"about":[{"href":"https:\/\/www.europesays.com\/fr\/wp-json\/wp\/v2\/types\/post"}],"author":[{"embeddable":true,"href":"https:\/\/www.europesays.com\/fr\/wp-json\/wp\/v2\/users\/2"}],"replies":[{"embeddable":true,"href":"https:\/\/www.europesays.com\/fr\/wp-json\/wp\/v2\/comments?post=606071"}],"version-history":[{"count":0,"href":"https:\/\/www.europesays.com\/fr\/wp-json\/wp\/v2\/posts\/606071\/revisions"}],"wp:featuredmedia":[{"embeddable":true,"href":"https:\/\/www.europesays.com\/fr\/wp-json\/wp\/v2\/media\/606070"}],"wp:attachment":[{"href":"https:\/\/www.europesays.com\/fr\/wp-json\/wp\/v2\/media?parent=606071"}],"wp:term":[{"taxonomy":"category","embeddable":true,"href":"https:\/\/www.europesays.com\/fr\/wp-json\/wp\/v2\/categories?post=606071"},{"taxonomy":"post_tag","embeddable":true,"href":"https:\/\/www.europesays.com\/fr\/wp-json\/wp\/v2\/tags?post=606071"}],"curies":[{"name":"wp","href":"https:\/\/api.w.org\/{rel}","templated":true}]}}