{"id":606075,"date":"2025-12-17T21:25:12","date_gmt":"2025-12-17T21:25:12","guid":{"rendered":"https:\/\/www.europesays.com\/fr\/606075\/"},"modified":"2025-12-17T21:25:12","modified_gmt":"2025-12-17T21:25:12","slug":"les-visages-des-23-otages-armeniens-placardes-sur-les-grilles-de-la-mairie-de-nice","status":"publish","type":"post","link":"https:\/\/www.europesays.com\/fr\/606075\/","title":{"rendered":"Les visages des 23\u00a0otages arm\u00e9niens placard\u00e9s sur les grilles de la mairie de Nice"},"content":{"rendered":"<p class=\"fs-5 \">Les visages d\u2019<strong>otages arm\u00e9niens<\/strong> placard\u00e9s sur les grilles de la mairie de <strong>Nice<\/strong>.<\/p>\n<p class=\"fs-5 \">Ce mercredi 17 d\u00e9cembre 2025, <strong>Christian Estrosi<\/strong> avait r\u00e9uni la communaut\u00e9 arm\u00e9nienne pour une c\u00e9r\u00e9monie de soutien aux otages d\u00e9tenus en Azerba\u00efdjan.<\/p>\n<p class=\"fs-5 \">Si les derni\u00e8res nouvelles s\u2019apparentent \u00e0 un processus de paix entre les deux pays (signature d\u2019un accord de paix, reprise des activit\u00e9s commerciales et des relations diplomatiques&#8230;), la question des otages est le grain de sable dans l\u2019engrenage.<\/p>\n<p>                                                                                <strong>Certains proc\u00e8s ont d\u00e9j\u00e0 d\u00e9but\u00e9<\/strong><\/p>\n<p class=\"fs-5 \">Depuis la prise de <a href=\"https:\/\/www.nicematin.com\/societe\/humanitaire\/conflit-au-haut-karabakh-donnez-nous-des-armes-juste-des-armes-demandent-ces-armeniens-874143\" target=\"_blank\" rel=\"noopener\">l\u2019enclave arm\u00e9nienne du Haut-Karabakh par l\u2019Azerba\u00efdjan<\/a> en septembre 2023, 23 otages arm\u00e9niens sont toujours d\u00e9tenus \u00e0 Bakou.<\/p>\n<p class=\"fs-5 \">Certains \u00e9taient responsables politiques du Haut-Karabakh, d\u2019autres sont de simples civils.<\/p>\n<p class=\"fs-5 \">Peu d\u2019informations circulent, mais certains proc\u00e8s ont d\u00e9j\u00e0 d\u00e9but\u00e9. Les otages comparaissent pour \u00ab <strong>terrorisme <\/strong>\u00bb, \u00ab <strong>s\u00e9paratisme <\/strong>\u00bb et \u00ab <strong>crimes de guerre <\/strong>\u00bb, notamment.<\/p>\n<p class=\"fs-5 \">\u00ab Un proc\u00e8s politique et programm\u00e9 \u00e0 l\u2019avance \u00bb, pour Armen Seropyan, vice-pr\u00e9sident du conseil de coordination des organisations arm\u00e9niennes de France.<\/p>\n<p class=\"fs-5 \">Le parlement europ\u00e9en a exig\u00e9 leur \u00ab lib\u00e9ration imm\u00e9diate et inconditionnelle \u00bb.<\/p>\n","protected":false},"excerpt":{"rendered":"Les visages d\u2019otages arm\u00e9niens placard\u00e9s sur les grilles de la mairie de Nice. Ce mercredi 17 d\u00e9cembre 2025,&hellip;\n","protected":false},"author":2,"featured_media":606076,"comment_status":"","ping_status":"","sticky":false,"template":"","format":"standard","meta":{"footnotes":""},"categories":[2819],"tags":[1111,11,1777,674,1011,27,12,2401,882,25],"class_list":{"0":"post-606075","1":"post","2":"type-post","3":"status-publish","4":"format-standard","5":"has-post-thumbnail","7":"category-nice","8":"tag-actu","9":"tag-actualites","10":"tag-eu","11":"tag-europe","12":"tag-fr","13":"tag-france","14":"tag-news","15":"tag-nice","16":"tag-provence-alpes-cote-dazur","17":"tag-republique-francaise"},"share_on_mastodon":{"url":"https:\/\/pubeurope.com\/@fr\/115737023313631874","error":""},"_links":{"self":[{"href":"https:\/\/www.europesays.com\/fr\/wp-json\/wp\/v2\/posts\/606075","targetHints":{"allow":["GET"]}}],"collection":[{"href":"https:\/\/www.europesays.com\/fr\/wp-json\/wp\/v2\/posts"}],"about":[{"href":"https:\/\/www.europesays.com\/fr\/wp-json\/wp\/v2\/types\/post"}],"author":[{"embeddable":true,"href":"https:\/\/www.europesays.com\/fr\/wp-json\/wp\/v2\/users\/2"}],"replies":[{"embeddable":true,"href":"https:\/\/www.europesays.com\/fr\/wp-json\/wp\/v2\/comments?post=606075"}],"version-history":[{"count":0,"href":"https:\/\/www.europesays.com\/fr\/wp-json\/wp\/v2\/posts\/606075\/revisions"}],"wp:featuredmedia":[{"embeddable":true,"href":"https:\/\/www.europesays.com\/fr\/wp-json\/wp\/v2\/media\/606076"}],"wp:attachment":[{"href":"https:\/\/www.europesays.com\/fr\/wp-json\/wp\/v2\/media?parent=606075"}],"wp:term":[{"taxonomy":"category","embeddable":true,"href":"https:\/\/www.europesays.com\/fr\/wp-json\/wp\/v2\/categories?post=606075"},{"taxonomy":"post_tag","embeddable":true,"href":"https:\/\/www.europesays.com\/fr\/wp-json\/wp\/v2\/tags?post=606075"}],"curies":[{"name":"wp","href":"https:\/\/api.w.org\/{rel}","templated":true}]}}