{"id":606080,"date":"2025-12-17T21:28:19","date_gmt":"2025-12-17T21:28:19","guid":{"rendered":"https:\/\/www.europesays.com\/fr\/606080\/"},"modified":"2025-12-17T21:28:19","modified_gmt":"2025-12-17T21:28:19","slug":"descentes-de-police-dampleur-dans-plusieurs-quartiers-de-nantes","status":"publish","type":"post","link":"https:\/\/www.europesays.com\/fr\/606080\/","title":{"rendered":"descentes de police d&rsquo;ampleur dans plusieurs quartiers de Nantes"},"content":{"rendered":"<p>Sir\u00e8nes hurlantes, deux v\u00e9hicules de police d\u00e9boulent mercredi dans un quartier populaire de Nantes. Les agents s&rsquo;engouffrent dans le b\u00e2timent num\u00e9ro trois d&rsquo;une cit\u00e9 comptant une petite dizaine d&rsquo;immeubles, sous le regard de plusieurs habitants \u00e0 leurs fen\u00eatres.<\/p>\n<p>Ils interpellent dans la cage d&rsquo;escalier une adolescente de 17 ans et saisissent la quarantaine de petits sachets de coca\u00efne et de r\u00e9sine de cannabis qu&rsquo;elle avait sur elle, constate un journaliste de l&rsquo;AFP sur place.<\/p>\n<p>Port Boyer est l&rsquo;un des cinq quartiers de la pr\u00e9fecture de Loire-Altantique vis\u00e9s mercredi par une op\u00e9ration mobilisant 160 policiers et gendarmes, \u00e0 laquelle l&rsquo;AFP a pu assister.<\/p>\n<p>Elle intervient apr\u00e8s des op\u00e9rations similaires dans d&rsquo;autres villes de France dont Marseille o\u00f9 le pr\u00e9sident Emmanuel Macron a r\u00e9affirm\u00e9 mardi sa d\u00e9termination \u00e0 mener la guerre contre le narcotrafic.<\/p>\n<p>Le trafic de drogue nourrit violence et sentiment d&rsquo;ins\u00e9curit\u00e9 dans de nombreuses villes fran\u00e7aises, alors que les points de deal deviennent de plus en plus souvent le terrain de r\u00e8glements de compte.<\/p>\n<p>Mardi, la police nantaise avait d\u00e9j\u00e0 contr\u00f4l\u00e9 192 personnes, proc\u00e9d\u00e9 \u00e0 24 interpellations et \u00e0 des saisies de coca\u00efne, cannabis et sachets de r\u00e9sine.<\/p>\n<p>V\u00eatue de noir, l&rsquo;adolescente sort en larmes de l&rsquo;immeuble, escort\u00e9e par les policiers. Elle est imm\u00e9diatement embarqu\u00e9e dans un fourgon. Son point de deal est sordide, une odeur d&rsquo;urine flotte dans l&rsquo;air et les peintures d\u00e9coratives des communs, fleurs et oiseaux autrefois color\u00e9s, sont d\u00e9fra\u00eechies.<\/p>\n<p>\u00ab\u00a0Depuis la mi-octobre, on est confront\u00e9 (&#8230;) \u00e0 une recrudescence de s\u00e9quences de tirs notamment dans deux quartiers\u00a0\u00bb, dont Port Boyer, explique \u00e0 l&rsquo;AFP le pr\u00e9fet de Loire-Atlantique, Fabrice Rigoulet-Roze, pendant que des agents de police fouillent minutieusement chaque \u00e9tage de l&rsquo;immeuble, ouvrant les placards, inspectant les gaines techniques&#8230;<\/p>\n<p>\u00ab\u00a0On ne l\u00e2chera rien\u00a0\u00bb, continue-t-il, \u00ab\u00a0on n&rsquo;est pas de passage et la pr\u00e9sence sera physiquement visible le temps qu&rsquo;il faut pour qu&rsquo;on puisse combattre ces trafics\u00a0\u00bb.<\/p>\n<p>&#8211; \u00ab\u00a0Vivre sereinement\u00a0\u00bb &#8211;<\/p>\n<p>Le quartier est \u00ab\u00a0relativement tranquille la journ\u00e9e\u00a0\u00bb, explique un couple de quadrag\u00e9naires crois\u00e9 par l&rsquo;AFP et qui n&rsquo;a pas souhait\u00e9 donner son identit\u00e9. Mais le secteur devient \u00ab\u00a0dangereux la nuit\u00a0\u00bb, suffisamment pour les d\u00e9courager de sortir \u00e0 partir d&rsquo;une certaine heure.<\/p>\n<p>Faire en sorte que les habitants \u00ab\u00a0puissent vivre sereinement et tranquillement\u00a0\u00bb est une priorit\u00e9, assure Bassem Asseh, premier adjoint \u00e0 la mairie de Nantes, pr\u00e9sent sur place. Il souhaite \u00ab\u00a0faire cesser les \u00e9pisodes de tirs\u00a0\u00bb et \u00ab\u00a0bousculer les dealers et les consommateurs\u00a0\u00bb, sans qui ces trafics n&rsquo;existeraient pas.<\/p>\n<p>Dans les quartiers Nord de Nantes, \u00e0 quelques kilom\u00e8tres de Port Boyer, le major Moreau a manqu\u00e9 de peu deux dealers et un consommateur. Ses agents, talkies \u00e0 la ceinture, fouillent m\u00e9thodiquement l&rsquo;espace autour d&rsquo;un petit square. On peut entendre non loin jouer les enfants du quartier.<\/p>\n<p>Les trafiquants \u00ab\u00a0ont toujours 3 ou 4 doses sur eux\u00a0\u00bb, explique-t-il, \u00ab\u00a0ils r\u00e9partissent la coca\u00efne \u00e0 un endroit, la r\u00e9sine \u00e0 un autre\u00a0\u00bb, tandis qu&rsquo;un de ses coll\u00e8gues lui montre deux sachets trouv\u00e9s par terre.<\/p>\n<p>La coca\u00efne \u00ab\u00a0gagne du terrain\u00a0\u00bb, ajoute \u00e0 ses c\u00f4t\u00e9s le chef de la police de Loire-Atlantique, Philippe Jos. Moins connot\u00e9e junkie, \u00ab\u00a0l&rsquo;h\u00e9ro\u00efne revient\u00a0\u00bb, souligne-t-il.<\/p>\n<p>Le policier d\u00e9nombre 3.000 proc\u00e9dures pour usage de stup\u00e9fiants \u00e0 Nantes cette ann\u00e9e et 150 proc\u00e9dures pour trafic de stup\u00e9fiants, deux chiffres en \u00ab\u00a0augmentation consid\u00e9rable\u00a0\u00bb, selon lui.<\/p>\n","protected":false},"excerpt":{"rendered":"Sir\u00e8nes hurlantes, deux v\u00e9hicules de police d\u00e9boulent mercredi dans un quartier populaire de Nantes. Les agents s&rsquo;engouffrent dans&hellip;\n","protected":false},"author":2,"featured_media":606081,"comment_status":"","ping_status":"","sticky":false,"template":"","format":"standard","meta":{"footnotes":""},"categories":[2818],"tags":[1111,11,1777,674,1011,27,766,12,2636,25],"class_list":{"0":"post-606080","1":"post","2":"type-post","3":"status-publish","4":"format-standard","5":"has-post-thumbnail","7":"category-nantes","8":"tag-actu","9":"tag-actualites","10":"tag-eu","11":"tag-europe","12":"tag-fr","13":"tag-france","14":"tag-nantes","15":"tag-news","16":"tag-pays-de-la-loire","17":"tag-republique-francaise"},"share_on_mastodon":{"url":"https:\/\/pubeurope.com\/@fr\/115737035048301770","error":""},"_links":{"self":[{"href":"https:\/\/www.europesays.com\/fr\/wp-json\/wp\/v2\/posts\/606080","targetHints":{"allow":["GET"]}}],"collection":[{"href":"https:\/\/www.europesays.com\/fr\/wp-json\/wp\/v2\/posts"}],"about":[{"href":"https:\/\/www.europesays.com\/fr\/wp-json\/wp\/v2\/types\/post"}],"author":[{"embeddable":true,"href":"https:\/\/www.europesays.com\/fr\/wp-json\/wp\/v2\/users\/2"}],"replies":[{"embeddable":true,"href":"https:\/\/www.europesays.com\/fr\/wp-json\/wp\/v2\/comments?post=606080"}],"version-history":[{"count":0,"href":"https:\/\/www.europesays.com\/fr\/wp-json\/wp\/v2\/posts\/606080\/revisions"}],"wp:featuredmedia":[{"embeddable":true,"href":"https:\/\/www.europesays.com\/fr\/wp-json\/wp\/v2\/media\/606081"}],"wp:attachment":[{"href":"https:\/\/www.europesays.com\/fr\/wp-json\/wp\/v2\/media?parent=606080"}],"wp:term":[{"taxonomy":"category","embeddable":true,"href":"https:\/\/www.europesays.com\/fr\/wp-json\/wp\/v2\/categories?post=606080"},{"taxonomy":"post_tag","embeddable":true,"href":"https:\/\/www.europesays.com\/fr\/wp-json\/wp\/v2\/tags?post=606080"}],"curies":[{"name":"wp","href":"https:\/\/api.w.org\/{rel}","templated":true}]}}