{"id":606092,"date":"2025-12-17T21:35:26","date_gmt":"2025-12-17T21:35:26","guid":{"rendered":"https:\/\/www.europesays.com\/fr\/606092\/"},"modified":"2025-12-17T21:35:26","modified_gmt":"2025-12-17T21:35:26","slug":"bouchon-important-sur-la-l2-a-marseille-en-raison-dun-accident-impliquant-trois-vehicules","status":"publish","type":"post","link":"https:\/\/www.europesays.com\/fr\/606092\/","title":{"rendered":"Bouchon important sur la L2 \u00e0 Marseille en raison d&rsquo;un accident impliquant trois v\u00e9hicules"},"content":{"rendered":"<p>Trois v\u00e9hicules ont \u00e9t\u00e9 impliqu\u00e9s dans un accident sur la rocade L2 \u00e0 Marseille. Et ce dans le secteur de Florian, dans le sens Aubagne-Aix.<\/p>\n<p>Une personne a \u00e9t\u00e9 l\u00e9g\u00e8rement bless\u00e9e dans les chocs et les marins-pompiers, la police et les patrouilleurs de la Direction interd\u00e9partementale de M\u00e9diterran\u00e9e (Dirmed) se sont d\u00e9plac\u00e9s dans la zone.<\/p>\n<p>Cet accident &#8211; m\u00eame si les v\u00e9hicules ont \u00e9t\u00e9 d\u00e9gag\u00e9s de la chauss\u00e9e &#8211; provoque un fort bouchon qui remonte \u00e0 Saint-J\u00e9r\u00f4me. Soit pr\u00e8s de 5 kilom\u00e8tres de bouchon. Le secteur est \u00e0 \u00e9viter<\/p>\n","protected":false},"excerpt":{"rendered":"Trois v\u00e9hicules ont \u00e9t\u00e9 impliqu\u00e9s dans un accident sur la rocade L2 \u00e0 Marseille. Et ce dans le&hellip;\n","protected":false},"author":2,"featured_media":606093,"comment_status":"","ping_status":"","sticky":false,"template":"","format":"standard","meta":{"footnotes":""},"categories":[2814],"tags":[17,119,1111,11,4899,2837,1777,674,1011,27,12699,884,12,882,13637,16,25,3356],"class_list":{"0":"post-606092","1":"post","2":"type-post","3":"status-publish","4":"format-standard","5":"has-post-thumbnail","7":"category-marseille","8":"tag-17","9":"tag-accident","10":"tag-actu","11":"tag-actualites","12":"tag-bouchon","13":"tag-dun","14":"tag-eu","15":"tag-europe","16":"tag-fr","17":"tag-france","18":"tag-important","19":"tag-marseille","20":"tag-news","21":"tag-provence-alpes-cote-dazur","22":"tag-raison","23":"tag-region","24":"tag-republique-francaise","25":"tag-sur"},"share_on_mastodon":{"url":"https:\/\/pubeurope.com\/@fr\/115737062824679917","error":""},"_links":{"self":[{"href":"https:\/\/www.europesays.com\/fr\/wp-json\/wp\/v2\/posts\/606092","targetHints":{"allow":["GET"]}}],"collection":[{"href":"https:\/\/www.europesays.com\/fr\/wp-json\/wp\/v2\/posts"}],"about":[{"href":"https:\/\/www.europesays.com\/fr\/wp-json\/wp\/v2\/types\/post"}],"author":[{"embeddable":true,"href":"https:\/\/www.europesays.com\/fr\/wp-json\/wp\/v2\/users\/2"}],"replies":[{"embeddable":true,"href":"https:\/\/www.europesays.com\/fr\/wp-json\/wp\/v2\/comments?post=606092"}],"version-history":[{"count":0,"href":"https:\/\/www.europesays.com\/fr\/wp-json\/wp\/v2\/posts\/606092\/revisions"}],"wp:featuredmedia":[{"embeddable":true,"href":"https:\/\/www.europesays.com\/fr\/wp-json\/wp\/v2\/media\/606093"}],"wp:attachment":[{"href":"https:\/\/www.europesays.com\/fr\/wp-json\/wp\/v2\/media?parent=606092"}],"wp:term":[{"taxonomy":"category","embeddable":true,"href":"https:\/\/www.europesays.com\/fr\/wp-json\/wp\/v2\/categories?post=606092"},{"taxonomy":"post_tag","embeddable":true,"href":"https:\/\/www.europesays.com\/fr\/wp-json\/wp\/v2\/tags?post=606092"}],"curies":[{"name":"wp","href":"https:\/\/api.w.org\/{rel}","templated":true}]}}