{"id":606096,"date":"2025-12-17T21:37:19","date_gmt":"2025-12-17T21:37:19","guid":{"rendered":"https:\/\/www.europesays.com\/fr\/606096\/"},"modified":"2025-12-17T21:37:19","modified_gmt":"2025-12-17T21:37:19","slug":"lyon-pourquoi-une-piste-de-roller-va-sinstaller-en-plein-centre-ville","status":"publish","type":"post","link":"https:\/\/www.europesays.com\/fr\/606096\/","title":{"rendered":"Lyon : pourquoi une piste de roller va s&rsquo;installer en plein centre-ville ?"},"content":{"rendered":"<p>Une piste de roller, une ambiance disco et de quoi se restaurer : jeudi soir, la place des Jacobins devrait \u00eatre le rendez-vous pour danser et s&rsquo;amuser \u00e0 Lyon.<\/p>\n<p>Si vous aimez faire du roller ou si vous voulez passer un bon moment entre amis, direction <b>la place des Jacobins<\/b>, jeudi 18 d\u00e9cembre, dans le 2e arrondissement de Lyon.<\/p>\n<p>Entre 17h et 20h, <b>une piste de roller g\u00e9ante<\/b> sera install\u00e9 pour glisser et danser, le tout gratuitement !<\/p>\n<p>Une ambiance \u00ab\u00a0roller disco\u00a0\u00bb \u00e0 Lyon<\/p>\n<p>Une <b>soir\u00e9e disco<\/b> avec des paillettes, des boules \u00e0 facette et un DJ sont promis aux visiteurs.<\/p>\n<p>Pour y participer, il sera possible de venir avec ses propres patins ou d&rsquo;en empruntez sur place. Et il est conseill\u00e9 de prendre sa tenue la plus brillante en hommage au disco.<\/p>\n<p>Des gourmandises et du vin chaud (avec mod\u00e9ration) seront \u00e9galement au programme.<\/p>\n<p>Cet \u00e9v\u00e9n\u00e9ment est organis\u00e9 \u00e0 l&rsquo;occasion du lancement de <b>\u00ab\u00a0P\u00e9pites\u00a0\u00bb<\/b>, le Book de la Presqu&rsquo;\u00eele, cr\u00e9\u00e9 par l&rsquo;association des commer\u00e7ants <b>My Presqu&rsquo;\u00eele<\/b>.<\/p>\n<p><img loading=\"lazy\" decoding=\"async\" src=\"https:\/\/www.europesays.com\/fr\/wp-content\/uploads\/2025\/12\/1766007439_712_img\" width=\"350\" height=\"200\" border=\"0\" title=\"L'interieur de l'\u00c3\u00a9glise Saint-Bernard\"\/><\/p>\n<p>\u25baCulture<\/p>\n<p style=\"font-size: 22px;\"><b>Salle d&rsquo;escalade, caf\u00e9, bureaux\u00a0: cette \u00e9glise bient\u00f4t transform\u00e9e \u00e0 Lyon<\/b><\/p>\n<p>Ferm\u00e9e depuis pr\u00e8s de vingt ans, l&rsquo;\u00e9glise Saint-Bernard,&#8230;<\/p>\n<p><\/p>\n","protected":false},"excerpt":{"rendered":"Une piste de roller, une ambiance disco et de quoi se restaurer : jeudi soir, la place des&hellip;\n","protected":false},"author":2,"featured_media":606097,"comment_status":"","ping_status":"","sticky":false,"template":"","format":"standard","meta":{"footnotes":""},"categories":[1889],"tags":[1111,11,2430,5972,1777,674,1011,27,2428,873,71756,12,71758,71757,25,21871],"class_list":{"0":"post-606096","1":"post","2":"type-post","3":"status-publish","4":"format-standard","5":"has-post-thumbnail","7":"category-lyon","8":"tag-actu","9":"tag-actualites","10":"tag-auvergne-rhone-alpes","11":"tag-danse","12":"tag-eu","13":"tag-europe","14":"tag-fr","15":"tag-france","16":"tag-lyon","17":"tag-musique","18":"tag-my-presqule","19":"tag-news","20":"tag-piste-de-roller","21":"tag-place-des-jacobins","22":"tag-republique-francaise","23":"tag-roller-disco"},"share_on_mastodon":{"url":"https:\/\/pubeurope.com\/@fr\/115737071479798206","error":""},"_links":{"self":[{"href":"https:\/\/www.europesays.com\/fr\/wp-json\/wp\/v2\/posts\/606096","targetHints":{"allow":["GET"]}}],"collection":[{"href":"https:\/\/www.europesays.com\/fr\/wp-json\/wp\/v2\/posts"}],"about":[{"href":"https:\/\/www.europesays.com\/fr\/wp-json\/wp\/v2\/types\/post"}],"author":[{"embeddable":true,"href":"https:\/\/www.europesays.com\/fr\/wp-json\/wp\/v2\/users\/2"}],"replies":[{"embeddable":true,"href":"https:\/\/www.europesays.com\/fr\/wp-json\/wp\/v2\/comments?post=606096"}],"version-history":[{"count":0,"href":"https:\/\/www.europesays.com\/fr\/wp-json\/wp\/v2\/posts\/606096\/revisions"}],"wp:featuredmedia":[{"embeddable":true,"href":"https:\/\/www.europesays.com\/fr\/wp-json\/wp\/v2\/media\/606097"}],"wp:attachment":[{"href":"https:\/\/www.europesays.com\/fr\/wp-json\/wp\/v2\/media?parent=606096"}],"wp:term":[{"taxonomy":"category","embeddable":true,"href":"https:\/\/www.europesays.com\/fr\/wp-json\/wp\/v2\/categories?post=606096"},{"taxonomy":"post_tag","embeddable":true,"href":"https:\/\/www.europesays.com\/fr\/wp-json\/wp\/v2\/tags?post=606096"}],"curies":[{"name":"wp","href":"https:\/\/api.w.org\/{rel}","templated":true}]}}