{"id":606104,"date":"2025-12-17T21:43:28","date_gmt":"2025-12-17T21:43:28","guid":{"rendered":"https:\/\/www.europesays.com\/fr\/606104\/"},"modified":"2025-12-17T21:43:28","modified_gmt":"2025-12-17T21:43:28","slug":"loewe-fera-limpasse-sur-la-fashion-week-masculine-de-janvier-a-paris-2","status":"publish","type":"post","link":"https:\/\/www.europesays.com\/fr\/606104\/","title":{"rendered":"Loewe fera l&rsquo;impasse sur la Fashion Week masculine de janvier \u00e0 Paris"},"content":{"rendered":"<p>\n                                        <b>Traduit par<\/b><br \/>\n                                        <br \/>Cl\u00e9mentine Martin\n                                    <\/p>\n<p>\n                                    <b>Publi\u00e9 le<\/b><br \/>\n                                    <\/p>\n<p>                                        17 d\u00e9cembre 2025<\/p>\n<p class=\"article-content col-md-8 offset-md-1\">\n                                La maison <a class=\"fnwAddLinks\" href=\"https:\/\/ch.fashionnetwork.com\/tags-loewe\" title=\"Loewe\" target=\"_blank\" rel=\"noopener\">Loewe<\/a> ne d\u00e9filera pas pendant la prochaine saison du pr\u00eat-\u00e0-porter masculin, qui aura lieu \u00e0 Paris en janvier. En revanche, elle pr\u00e9sentera un d\u00e9fil\u00e9 commun pour ses lignes homme et femme lors de la prochaine saison du pr\u00eat-\u00e0-porter f\u00e9minin, qui se tiendra en mars dans la capitale fran\u00e7aise.<\/p>\n<p><img decoding=\"async\" class=\"news-image\" style=\"width:100%;max-width:645px;\" src=\"https:\/\/www.europesays.com\/fr\/wp-content\/uploads\/2025\/12\/6f1f.jpg\" alt=\"Loewe a cr\u00e9\u00e9 la surprise mercredi matin\" loading=\"lazy\"\/>Loewe a cr\u00e9\u00e9 la surprise mercredi matin &#8211; Loewe<\/p>\n<p class=\"col-md-8 offset-md-1 article-content--texte\">\u00ab\u00a0Loewe pr\u00e9sentera la premi\u00e8re collection masculine des directeurs artistiques Jack McCollough et Lazaro Hernandez dans un d\u00e9fil\u00e9 mixte \u00e0 l\u2019occasion de la Fashion Week f\u00e9minine de Paris en mars 2026\u00a0\u00bb, a indiqu\u00e9 la maison dans un communiqu\u00e9 laconique, publi\u00e9 mercredi matin. Elle a toutefois pr\u00e9cis\u00e9 que \u00ab\u00a0Loewe reviendra avec un d\u00e9fil\u00e9 masculin d\u00e9di\u00e9 en juin 2026\u00a0\u00bb.<br \/>\u00a0<br \/>Cette annonce surprise intervient juste avant le d\u00e9voilement des calendriers officiels du pr\u00eat-\u00e0-porter masculin et de la haute couture pour le mois de janvier. Ils sont g\u00e9n\u00e9ralement publi\u00e9s la semaine pr\u00e9c\u00e9dant No\u00ebl par la F\u00e9d\u00e9ration de la haute couture et de la mode, la t\u00eate pensante de la couture fran\u00e7aise.<\/p>\n<p class=\"col-md-8 offset-md-1 article-content--texte\">C\u2019est une nouvelle plut\u00f4t d\u00e9cevante. Les d\u00e9fil\u00e9s Loewe de l\u2019ex-directeur artistique de la maison, Jonathan Anderson, constituaient des temps forts de la saison fran\u00e7aise du pr\u00eat-\u00e0-porter masculin. Jack McCollough et Lazaro Hernandez ont pris sa suite apr\u00e8s son d\u00e9part chez <a class=\"fnwAddLinks\" href=\"https:\/\/ch.fashionnetwork.com\/tags-dior\" title=\"Dior\" target=\"_blank\" rel=\"noopener\">Dior<\/a> en juin dernier.<br \/>\u00a0<br \/>Et les fans de Loewe sont s\u00fbrement d\u2019autant plus d\u00e9\u00e7us que la premi\u00e8re collection du duo McCollough &#8211; Hernandez, pr\u00e9sent\u00e9e en octobre, a re\u00e7u des critiques tr\u00e8s positives.\n                            <\/p>\n<p>\n                                Cet article est une traduction automatique.<br \/>\n                                    <a href=\"https:\/\/ww.fashionnetwork.com\/news\/Loewe-to-sit-out-january-menswear-catwalk-season-in-paris,1792535.html\" target=\"_blank\" rel=\"noopener\">Cliquez ici<\/a> pour consulter l&rsquo;article d&rsquo;origine.\n                            <\/p>\n<p>\n                                Tous droits de reproduction et de repr\u00e9sentation r\u00e9serv\u00e9s.<br \/>\u00a9 2025 FashionNetwork.com\n                            <\/p>\n","protected":false},"excerpt":{"rendered":"Traduit par Cl\u00e9mentine Martin Publi\u00e9 le 17 d\u00e9cembre 2025 La maison Loewe ne d\u00e9filera pas pendant la prochaine&hellip;\n","protected":false},"author":2,"featured_media":605399,"comment_status":"","ping_status":"","sticky":false,"template":"","format":"standard","meta":{"footnotes":""},"categories":[1888],"tags":[1111,1928,11,1927,2424,537,2423,21472,1777,674,24457,1011,27,41073,2425,985,12,1926,2298,626,1925,2426,2427,25,2421,2422],"class_list":{"0":"post-606104","1":"post","2":"type-post","3":"status-publish","4":"format-standard","5":"has-post-thumbnail","7":"category-paris","8":"tag-actu","9":"tag-actu-paris","10":"tag-actualites","11":"tag-actualites-paris","12":"tag-beaute","13":"tag-contact","14":"tag-cosmetiques","15":"tag-dior","16":"tag-eu","17":"tag-europe","18":"tag-federation-de-la-haute-couture-et-de-la-mode","19":"tag-fr","20":"tag-france","21":"tag-loewe","22":"tag-luxe","23":"tag-mode","24":"tag-news","25":"tag-news-paris","26":"tag-parfum","27":"tag-paris","28":"tag-paris-news","29":"tag-professionnel","30":"tag-professionnels","31":"tag-republique-francaise","32":"tag-reseau","33":"tag-textile"},"share_on_mastodon":{"url":"https:\/\/pubeurope.com\/@fr\/115737095176886934","error":""},"_links":{"self":[{"href":"https:\/\/www.europesays.com\/fr\/wp-json\/wp\/v2\/posts\/606104","targetHints":{"allow":["GET"]}}],"collection":[{"href":"https:\/\/www.europesays.com\/fr\/wp-json\/wp\/v2\/posts"}],"about":[{"href":"https:\/\/www.europesays.com\/fr\/wp-json\/wp\/v2\/types\/post"}],"author":[{"embeddable":true,"href":"https:\/\/www.europesays.com\/fr\/wp-json\/wp\/v2\/users\/2"}],"replies":[{"embeddable":true,"href":"https:\/\/www.europesays.com\/fr\/wp-json\/wp\/v2\/comments?post=606104"}],"version-history":[{"count":0,"href":"https:\/\/www.europesays.com\/fr\/wp-json\/wp\/v2\/posts\/606104\/revisions"}],"wp:featuredmedia":[{"embeddable":true,"href":"https:\/\/www.europesays.com\/fr\/wp-json\/wp\/v2\/media\/605399"}],"wp:attachment":[{"href":"https:\/\/www.europesays.com\/fr\/wp-json\/wp\/v2\/media?parent=606104"}],"wp:term":[{"taxonomy":"category","embeddable":true,"href":"https:\/\/www.europesays.com\/fr\/wp-json\/wp\/v2\/categories?post=606104"},{"taxonomy":"post_tag","embeddable":true,"href":"https:\/\/www.europesays.com\/fr\/wp-json\/wp\/v2\/tags?post=606104"}],"curies":[{"name":"wp","href":"https:\/\/api.w.org\/{rel}","templated":true}]}}