{"id":606109,"date":"2025-12-17T21:46:18","date_gmt":"2025-12-17T21:46:18","guid":{"rendered":"https:\/\/www.europesays.com\/fr\/606109\/"},"modified":"2025-12-17T21:46:18","modified_gmt":"2025-12-17T21:46:18","slug":"guerre-en-ukraine-au-moins-32-blesses-dans-des-frappes-russes-sur-zaporijjia","status":"publish","type":"post","link":"https:\/\/www.europesays.com\/fr\/606109\/","title":{"rendered":"Guerre en Ukraine: au moins 32 bless\u00e9s dans des frappes russes sur Zaporijjia"},"content":{"rendered":"<p class=\"ap-StoryElement ap-StoryElement--mb ap-StoryText\">Sur Telegram, Ivan Fedorov, le chef de l&rsquo;administration militaire r\u00e9gionale, a indiqu\u00e9 que 32 personnes avaient \u00e9t\u00e9 bless\u00e9s \u00e0 Zaporijjia et dans le district situ\u00e9 autour de cette ville.<\/p>\n<p class=\"ap-StoryElement ap-StoryElement--mb ap-StoryText\">Dans l&rsquo;apr\u00e8s-midi, les services de secours ukrainiens avaient fait \u00e9tat d&rsquo;un bilan de 30 bless\u00e9s, dont 5 enfants, apr\u00e8s des frappes a\u00e9riennes russes dans la ville m\u00eame de Zaporijjia, o\u00f9 \u00ab\u00a0un immeuble, une maison et un \u00e9tablissement \u00e9ducatif\u00a0\u00bb ont \u00e9t\u00e9 touch\u00e9s.<\/p>\n<p class=\"ap-StoryElement ap-StoryElement--mb ap-StoryText\">Des images de l&rsquo;AFP montrent des pompiers se battant contre un incendie qui s&rsquo;est d\u00e9clar\u00e9 dans un immeuble r\u00e9sidentiel de huit \u00e9tages \u00e0 la fa\u00e7ade noircie par les flammes et aux vitres explos\u00e9es.<\/p>\n<p><a href=\"https:\/\/www.lalibre.be\/international\/europe\/guerre-ukraine-russie\/2025\/12\/17\/accord-de-paix-en-ukraine-voici-ce-que-prevoit-donald-trump-si-poutine-rejette-son-plan-NRU4B3R4UBHH7I5ZF3NS52LL5Q\/\" target=\"_self\" class=\"ap-StoryInterstitialLink ap-StoryElement ap-StoryElement--mb\" rel=\"noopener\">Accord de paix en Ukraine : voici ce que pr\u00e9voit Donald Trump si Vladimir Poutine rejette son plan<\/a><\/p>\n<p class=\"ap-StoryElement ap-StoryElement--mb ap-StoryText\">Selon Ivan Fedorov, deux personnes ont \u00e9galement \u00e9t\u00e9 bless\u00e9es lors d&rsquo;une attaque de drone russe sur une voiture civile dans la localit\u00e9 de Kouchougoum, situ\u00e9e au sud de Zaporijjia.<\/p>\n<p class=\"ap-StoryElement ap-StoryElement--mb ap-StoryText\">La ville de Zaporijjia, qui comptait quelque 710.000 habitants avant le d\u00e9but de l&rsquo;invasion russe en f\u00e9vrier 2022, est r\u00e9guli\u00e8rement bombard\u00e9e par l&rsquo;arm\u00e9e russe qui s&rsquo;en rapproche peu \u00e0 peu, la ligne de front \u00e9tant situ\u00e9e \u00e0 moins de 30 kilom\u00e8tres.<\/p>\n<p class=\"ap-StoryElement ap-StoryElement--mb ap-StoryText\">Les attaques se poursuivent alors que les \u00c9tats-Unis, qui se posent en m\u00e9diateur entre Kiev et Moscou, poussent \u00e0 un r\u00e8glement du conflit.<\/p>\n<p class=\"ap-StoryElement ap-StoryElement--mb ap-StoryText\">Le Kremlin revendique l&rsquo;annexion de la r\u00e9gion de Zaporijjia, comme celle de trois autres r\u00e9gions de l&rsquo;est et du sud de l&rsquo;Ukraine. La centrale nucl\u00e9aire de Zaporijjia, la plus grande d&rsquo;Europe, est occup\u00e9e depuis mars 2022 par les forces russes.<\/p>\n","protected":false},"excerpt":{"rendered":"Sur Telegram, Ivan Fedorov, le chef de l&rsquo;administration militaire r\u00e9gionale, a indiqu\u00e9 que 32 personnes avaient \u00e9t\u00e9 bless\u00e9s&hellip;\n","protected":false},"author":2,"featured_media":606110,"comment_status":"","ping_status":"","sticky":false,"template":"","format":"standard","meta":{"footnotes":""},"categories":[1591],"tags":[11,2120,1887,12,1885,1886,132,220],"class_list":{"0":"post-606109","1":"post","2":"type-post","3":"status-publish","4":"format-standard","5":"has-post-thumbnail","7":"category-russie","8":"tag-actualites","9":"tag-conflit","10":"tag-federation-de-russie","11":"tag-news","12":"tag-russia","13":"tag-russian-federation","14":"tag-russie","15":"tag-ukraine"},"share_on_mastodon":{"url":"https:\/\/pubeurope.com\/@fr\/115737105980950577","error":""},"_links":{"self":[{"href":"https:\/\/www.europesays.com\/fr\/wp-json\/wp\/v2\/posts\/606109","targetHints":{"allow":["GET"]}}],"collection":[{"href":"https:\/\/www.europesays.com\/fr\/wp-json\/wp\/v2\/posts"}],"about":[{"href":"https:\/\/www.europesays.com\/fr\/wp-json\/wp\/v2\/types\/post"}],"author":[{"embeddable":true,"href":"https:\/\/www.europesays.com\/fr\/wp-json\/wp\/v2\/users\/2"}],"replies":[{"embeddable":true,"href":"https:\/\/www.europesays.com\/fr\/wp-json\/wp\/v2\/comments?post=606109"}],"version-history":[{"count":0,"href":"https:\/\/www.europesays.com\/fr\/wp-json\/wp\/v2\/posts\/606109\/revisions"}],"wp:featuredmedia":[{"embeddable":true,"href":"https:\/\/www.europesays.com\/fr\/wp-json\/wp\/v2\/media\/606110"}],"wp:attachment":[{"href":"https:\/\/www.europesays.com\/fr\/wp-json\/wp\/v2\/media?parent=606109"}],"wp:term":[{"taxonomy":"category","embeddable":true,"href":"https:\/\/www.europesays.com\/fr\/wp-json\/wp\/v2\/categories?post=606109"},{"taxonomy":"post_tag","embeddable":true,"href":"https:\/\/www.europesays.com\/fr\/wp-json\/wp\/v2\/tags?post=606109"}],"curies":[{"name":"wp","href":"https:\/\/api.w.org\/{rel}","templated":true}]}}