{"id":60611,"date":"2025-04-29T01:16:08","date_gmt":"2025-04-29T01:16:08","guid":{"rendered":"https:\/\/www.europesays.com\/fr\/60611\/"},"modified":"2025-04-29T01:16:08","modified_gmt":"2025-04-29T01:16:08","slug":"amour-gloire-et-beaute-resume-de-lepisode-du-28-avril-2025-tf1-les-resumes","status":"publish","type":"post","link":"https:\/\/www.europesays.com\/fr\/60611\/","title":{"rendered":"Amour, Gloire et Beaut\u00e9: R\u00e9sum\u00e9 de l&rsquo;\u00e9pisode du 28 avril 2025 (Tf1) | Les r\u00e9sum\u00e9s"},"content":{"rendered":"<p>Seule dans le bureau d&rsquo;<a href=\"https:\/\/www.soap-passion.com\/amour-gloire-et-beaute\/personnage\/333-eric.html\" target=\"_blank\" rel=\"noopener\">Eric<\/a>, <a href=\"https:\/\/www.soap-passion.com\/amour-gloire-et-beaute\/personnage\/350-hope.html\" target=\"_blank\" rel=\"noopener\">Hope<\/a> repense \u00e0 l&rsquo;invitation de son p\u00e8re \u00e0 son mariage ; elle lui passe un coup de fil, au cours duquel <a href=\"https:\/\/www.soap-passion.com\/amour-gloire-et-beaute\/personnage\/349-deacon.html\" target=\"_blank\" rel=\"noopener\">Deacon<\/a> ne manque pas de lui rappeler son invitation&#8230; <a href=\"https:\/\/www.soap-passion.com\/amour-gloire-et-beaute\/personnage\/350-hope.html\" target=\"_blank\" rel=\"noopener\">Hope<\/a> r\u00e9pond n&rsquo;\u00eatre s\u00fbre de rien. Dans tous les cas, <a href=\"https:\/\/www.soap-passion.com\/amour-gloire-et-beaute\/personnage\/349-deacon.html\" target=\"_blank\" rel=\"noopener\">Deacon<\/a> assure qu&rsquo;il comprend, et respecte son choix : C&rsquo;est simplement qu&rsquo;il l&rsquo;aime \u00e9norm\u00e9ment, et qu&rsquo;il adorerait l&rsquo;avoir \u00e0 son mariage. Quand <a href=\"https:\/\/www.soap-passion.com\/amour-gloire-et-beaute\/personnage\/344-steffy.html\" target=\"_blank\" rel=\"noopener\">Steffy<\/a> arrive dans le bureau, <a href=\"https:\/\/www.soap-passion.com\/amour-gloire-et-beaute\/personnage\/350-hope.html\" target=\"_blank\" rel=\"noopener\">Hope<\/a> \u00e9courte son appel&#8230; Avant de raccrocher, <a href=\"https:\/\/www.soap-passion.com\/amour-gloire-et-beaute\/personnage\/349-deacon.html\" target=\"_blank\" rel=\"noopener\">Deacon<\/a> lui demande d&rsquo;en discuter avec <a href=\"https:\/\/www.soap-passion.com\/amour-gloire-et-beaute\/personnage\/1887-finn.html\" target=\"_blank\" rel=\"noopener\">Finn<\/a>. \u00ab\u00a0Alors, c&rsquo;\u00e9tait ton idiot de p\u00e8re ? Il t&rsquo;as dit combien il \u00e9tait heureux que sa copine sociopathe soit de retour\u00a0?\u00a0\u00bb \u2013 &#8230;<\/p>\n<p>    R\u00e9serv\u00e9 aux abonn\u00e9s !<br \/>\n    &#8230; Il vous reste 90% de ce texte \u00e0 lire.<br \/>\n    <br \/>Soutenez Soap-Passion,  <a href=\"https:\/\/www.soap-passion.com\/login\" target=\"_blank\" rel=\"noopener\">abonnez-vous<\/a> pour lire la suite !<\/p>\n<p class=\"text-center fst-italic m-5 pb-5\">Retrouvez chaque jour en France, un nouvel \u00e9pisode de <b>\u00ab\u00a0Amour, Gloire et Beaut\u00e9\u00a0\u00bb<\/b> \u00e0 10:30 sur la cha\u00eene TF1<\/p>\n<p>\u00a9 Soap-Passion.com &#8211; Reproduction compl\u00e8te ou partielle interdite <\/p>\n","protected":false},"excerpt":{"rendered":"Seule dans le bureau d&rsquo;Eric, Hope repense \u00e0 l&rsquo;invitation de son p\u00e8re \u00e0 son mariage ; elle lui&hellip;\n","protected":false},"author":2,"featured_media":60612,"comment_status":"","ping_status":"","sticky":false,"template":"","format":"standard","meta":{"footnotes":""},"categories":[1356],"tags":[1376,58,59,1011,27,5050,252,1364],"class_list":{"0":"post-60611","1":"post","2":"type-post","3":"status-publish","4":"format-standard","5":"has-post-thumbnail","7":"category-television","8":"tag-amour","9":"tag-divertissement","10":"tag-entertainment","11":"tag-fr","12":"tag-france","13":"tag-gloire-et-beaute-resume-de-l","14":"tag-television","15":"tag-tv"},"share_on_mastodon":{"url":"https:\/\/pubeurope.com\/@fr\/114418613358659934","error":""},"_links":{"self":[{"href":"https:\/\/www.europesays.com\/fr\/wp-json\/wp\/v2\/posts\/60611","targetHints":{"allow":["GET"]}}],"collection":[{"href":"https:\/\/www.europesays.com\/fr\/wp-json\/wp\/v2\/posts"}],"about":[{"href":"https:\/\/www.europesays.com\/fr\/wp-json\/wp\/v2\/types\/post"}],"author":[{"embeddable":true,"href":"https:\/\/www.europesays.com\/fr\/wp-json\/wp\/v2\/users\/2"}],"replies":[{"embeddable":true,"href":"https:\/\/www.europesays.com\/fr\/wp-json\/wp\/v2\/comments?post=60611"}],"version-history":[{"count":0,"href":"https:\/\/www.europesays.com\/fr\/wp-json\/wp\/v2\/posts\/60611\/revisions"}],"wp:featuredmedia":[{"embeddable":true,"href":"https:\/\/www.europesays.com\/fr\/wp-json\/wp\/v2\/media\/60612"}],"wp:attachment":[{"href":"https:\/\/www.europesays.com\/fr\/wp-json\/wp\/v2\/media?parent=60611"}],"wp:term":[{"taxonomy":"category","embeddable":true,"href":"https:\/\/www.europesays.com\/fr\/wp-json\/wp\/v2\/categories?post=60611"},{"taxonomy":"post_tag","embeddable":true,"href":"https:\/\/www.europesays.com\/fr\/wp-json\/wp\/v2\/tags?post=60611"}],"curies":[{"name":"wp","href":"https:\/\/api.w.org\/{rel}","templated":true}]}}