{"id":606115,"date":"2025-12-17T21:50:21","date_gmt":"2025-12-17T21:50:21","guid":{"rendered":"https:\/\/www.europesays.com\/fr\/606115\/"},"modified":"2025-12-17T21:50:21","modified_gmt":"2025-12-17T21:50:21","slug":"un-montant-annuel-record-debloque-pour-moderniser-larmee-du-pays","status":"publish","type":"post","link":"https:\/\/www.europesays.com\/fr\/606115\/","title":{"rendered":"un montant annuel record d\u00e9bloqu\u00e9 pour moderniser l&rsquo;arm\u00e9e du pays"},"content":{"rendered":"<p>Les d\u00e9put\u00e9s allemands ont approuv\u00e9 ce mercredi une nouvelle enveloppe de pr\u00e8s de 50 milliards d&rsquo;euros d&rsquo;achats militaires, pour un total annuel record, afin d&rsquo;am\u00e9liorer l&rsquo;\u00e9quipement de l&rsquo;arm\u00e9e, en plein effort de r\u00e9armement face \u00e0 la menace russe. Ce volant de d\u00e9penses approuv\u00e9 par la commission de la d\u00e9fense de la chambre basse du parlement porte les projets d&rsquo;armement de la Bundeswehr en 2025 \u00e0 pr\u00e8s de 83 milliards d&rsquo;euros, un niveau historique selon le minist\u00e8re de la D\u00e9fense, qui y voit \u00ab un signal fort \u00bb envoy\u00e9 \u00e0 l&rsquo;Otan et \u00e0 ses partenaires. \u00ab L&rsquo;Allemagne va de l&rsquo;avant. Nous remplissons nos obligations au sein de l&rsquo;Alliance de mani\u00e8re fiable et assumons notre responsabilit\u00e9 en mati\u00e8re de s\u00e9curit\u00e9 et de paix en Europe \u00bb, ajoute le minist\u00e8re.<\/p>\n<p>Premier soutien militaire de l&rsquo;Ukraine en Europe, l&rsquo;Allemagne a amorc\u00e9 apr\u00e8s l&rsquo;invasion du pays par la Russie en f\u00e9vrier 2022 un tournant historique de sa politique de d\u00e9fense. Face aux inqui\u00e9tudes croissantes concernant le d\u00e9sengagement am\u00e9ricain en Europe, le chancelier <a href=\"https:\/\/www.ledauphine.com\/p\/friedrich-merz\" target=\"_blank\" rel=\"noopener\">Friedrich Merz<\/a>, qui a pris ses fonctions en mai, a d\u00e9cid\u00e9 d&rsquo;exempter les d\u00e9penses de d\u00e9fense des r\u00e8gles strictes en mati\u00e8re d&rsquo;endettement afin d&rsquo;acc\u00e9l\u00e9rer le renforcement des capacit\u00e9s militaires allemandes. Le dirigeant conservateur a promis de b\u00e2tir l&rsquo;arm\u00e9e conventionnelle la \u00ab plus puissante d&rsquo;Europe \u00bb pour contrer la menace russe.<\/p>\n<p>Des syst\u00e8mes de d\u00e9fense a\u00e9rienne et des blind\u00e9s<\/p>\n<p>Avec la derni\u00e8re enveloppe, le budget de grands projets d&rsquo;armement de la Bundeswehr a atteint de nouveau un niveau record, et ce pour la troisi\u00e8me ann\u00e9e cons\u00e9cutive. Les investissements dans l&rsquo;arm\u00e9e servent \u00ab un objectif clair, \u00e0 savoir la s\u00e9curit\u00e9 effective de notre pays et le r\u00e9tablissement complet de notre capacit\u00e9 de dissuasion et de d\u00e9fense \u00bb, a d\u00e9clar\u00e9 le ministre allemand de la D\u00e9fense, Boris Pistorius, apr\u00e8s la r\u00e9union de la commission de la d\u00e9fense.<\/p>\n<p>Le budget de la d\u00e9fense pour cette ann\u00e9e avait d\u00e9j\u00e0 \u00e9t\u00e9 \u00e9tabli, mais les achats effectu\u00e9s mercredi devaient \u00eatre approuv\u00e9s par le comit\u00e9 budg\u00e9taire du Parlement, conform\u00e9ment aux r\u00e8gles selon lesquelles les acquisitions individuelles sup\u00e9rieures \u00e0 25 millions d&rsquo;euros doivent \u00eatre approuv\u00e9es par les d\u00e9put\u00e9s.<\/p>\n<p>Les projets d&rsquo;acquisition adopt\u00e9s concernent aussi bien l&rsquo;arm\u00e9e de terre, de l&rsquo;air, la marine ainsi que l&rsquo;espace et le cyberespace. Ils vont des munitions aux v\u00e9hicules de reconnaissance et de combat en passant par des uniformes pour quelque 460 000 soldats, et des \u00e9quipements de protection pour jusqu&rsquo;\u00e0 80 000 employ\u00e9s civils de la Bundeswehr.<\/p>\n<p>L&rsquo;arm\u00e9e va notamment commander des syst\u00e8mes de d\u00e9fense a\u00e9rienne Patriot, de fabrication am\u00e9ricaine, et Iris-T, de fabrication europ\u00e9enne, ainsi que des blind\u00e9s de combat d&rsquo;infanterie Puma. Elle va \u00e9galement augmenter son stock de lanceurs et de missiles guid\u00e9s du syst\u00e8me isra\u00e9lien Arrow, bouclier antimissile longue port\u00e9e dont la version initiale a \u00e9t\u00e9 mise en service d\u00e9but d\u00e9cembre, une premi\u00e8re hors Isra\u00ebl.<\/p>\n","protected":false},"excerpt":{"rendered":"Les d\u00e9put\u00e9s allemands ont approuv\u00e9 ce mercredi une nouvelle enveloppe de pr\u00e8s de 50 milliards d&rsquo;euros d&rsquo;achats militaires,&hellip;\n","protected":false},"author":2,"featured_media":606116,"comment_status":"","ping_status":"","sticky":false,"template":"","format":"standard","meta":{"footnotes":""},"categories":[1587],"tags":[11,672,1804,1805,3206,1803,1777,674,107,329,1801,12,316,1802],"class_list":{"0":"post-606115","1":"post","2":"type-post","3":"status-publish","4":"format-standard","5":"has-post-thumbnail","7":"category-allemagne","8":"tag-actualites","9":"tag-allemagne","10":"tag-bundesrepublik-deutschland","11":"tag-de","12":"tag-defense-guerre-conflit","13":"tag-deutschland","14":"tag-eu","15":"tag-europe","16":"tag-fil-info","17":"tag-france-monde","18":"tag-germany","19":"tag-news","20":"tag-politique","21":"tag-republique-federale-dallemagne"},"share_on_mastodon":{"url":"https:\/\/pubeurope.com\/@fr\/115737121603247435","error":""},"_links":{"self":[{"href":"https:\/\/www.europesays.com\/fr\/wp-json\/wp\/v2\/posts\/606115","targetHints":{"allow":["GET"]}}],"collection":[{"href":"https:\/\/www.europesays.com\/fr\/wp-json\/wp\/v2\/posts"}],"about":[{"href":"https:\/\/www.europesays.com\/fr\/wp-json\/wp\/v2\/types\/post"}],"author":[{"embeddable":true,"href":"https:\/\/www.europesays.com\/fr\/wp-json\/wp\/v2\/users\/2"}],"replies":[{"embeddable":true,"href":"https:\/\/www.europesays.com\/fr\/wp-json\/wp\/v2\/comments?post=606115"}],"version-history":[{"count":0,"href":"https:\/\/www.europesays.com\/fr\/wp-json\/wp\/v2\/posts\/606115\/revisions"}],"wp:featuredmedia":[{"embeddable":true,"href":"https:\/\/www.europesays.com\/fr\/wp-json\/wp\/v2\/media\/606116"}],"wp:attachment":[{"href":"https:\/\/www.europesays.com\/fr\/wp-json\/wp\/v2\/media?parent=606115"}],"wp:term":[{"taxonomy":"category","embeddable":true,"href":"https:\/\/www.europesays.com\/fr\/wp-json\/wp\/v2\/categories?post=606115"},{"taxonomy":"post_tag","embeddable":true,"href":"https:\/\/www.europesays.com\/fr\/wp-json\/wp\/v2\/tags?post=606115"}],"curies":[{"name":"wp","href":"https:\/\/api.w.org\/{rel}","templated":true}]}}