{"id":606127,"date":"2025-12-17T21:57:15","date_gmt":"2025-12-17T21:57:15","guid":{"rendered":"https:\/\/www.europesays.com\/fr\/606127\/"},"modified":"2025-12-17T21:57:15","modified_gmt":"2025-12-17T21:57:15","slug":"le-tours-vb-affrontera-nice-en-demi-finale","status":"publish","type":"post","link":"https:\/\/www.europesays.com\/fr\/606127\/","title":{"rendered":"le Tours VB affrontera Nice en demi-finale"},"content":{"rendered":"<p>Les affiches du dernier carr\u00e9 de la Coupe de France de volley sont connues\u00a0! Le tirage au sort, effectu\u00e9 ce mercredi 17\u00a0d\u00e9cembre 2025, a en effet livr\u00e9 son verdict et fix\u00e9 les quatre derni\u00e8res \u00e9quipes encore en lice sur leur sort.<\/p>\n<p>Le Tours Volley-Ball, qui s\u2019est d\u00e9fait dans la douleur de Saint-Nazaire (<a target=\"_self\" href=\"https:\/\/www.lanouvellerepublique.fr\/tours\/coupe-de-france-le-tours-vb-qualifie-dans-la-douleur-en-demi-finales-aux-depens-de-saint-nazaire-1765926791\" rel=\"noopener\">3-2<\/a>) en quarts de finale, mardi, recevra dans son antre de Grenon l\u2019\u00e9quipe de Nice, actuelle 7e\u00a0du championnat et qui a su venir \u00e0 bout de Martigues (3-1), pensionnaire de Ligue B, apr\u00e8s avoir pourtant perdu le premier set. Comme en huiti\u00e8mes et en quarts, le TVB aura donc encore l\u2019avantage d\u2019\u00e9voluer \u00e0 domicile.<\/p>\n<p>Tours\u00a0&#8211; Nice, remake de la finale 2023<\/p>\n<p>La derni\u00e8re fois que les Tourangeaux ont affront\u00e9 les Azur\u00e9ens en Coupe de France, c\u2019\u00e9tait \u00e0 l\u2019occasion de la finale de l\u2019\u00e9dition 2022-2023, que le TVB avait remport\u00e9e (<a target=\"_self\" href=\"https:\/\/www.lanouvellerepublique.fr\/tours\/coupe-de-france-m-suivez-la-finale-entre-le-tours-vb-et-nice\" rel=\"noopener\">3-0<\/a>) sur le terrain de la halle Carpentier \u00e0 Paris, face \u00e0 des Aiglons qui avaient jou\u00e9 les invit\u00e9s surprises. C\u2019est aussi la derni\u00e8re fois que le club a soulev\u00e9 ce troph\u00e9e, d\u2019ailleurs.<\/p>\n<p>Avant de se disputer l\u2019un des deux tickets pour la finale, Tours et Nice doivent s\u2019affronter une premi\u00e8re fois, en championnat, le mardi 30\u00a0d\u00e9cembre, pour l\u2019ultime rencontre de l\u2019ann\u00e9e 2025.<\/p>\n<p>L\u2019autre demi-finale verra Paris, <a target=\"_self\" href=\"https:\/\/www.lanouvellerepublique.fr\/poitiers\/l-alterna-stade-poitevin-quitte-la-coupe-de-france-par-la-petite-porte-1765921523\" rel=\"noopener\">solide vainqueur face \u00e0 Poitiers<\/a> au tour pr\u00e9c\u00e9dent (3-0), accueillir Chaumont, qui s\u2019est fait tr\u00e8s peur \u00e0 Saint-Quentin (Ligue B) en perdant les deux premiers sets avant de renverser la vapeur pour se qualifier au tie-break.<\/p>\n<p>Les matchs se tiendront le mardi 24\u00a0f\u00e9vrier 2026. Avec, donc, une place en finale \u00e0 la cl\u00e9\u00a0!<\/p>\n","protected":false},"excerpt":{"rendered":"Les affiches du dernier carr\u00e9 de la Coupe de France de volley sont connues\u00a0! Le tirage au sort,&hellip;\n","protected":false},"author":2,"featured_media":606128,"comment_status":"","ping_status":"","sticky":false,"template":"","format":"standard","meta":{"footnotes":""},"categories":[1417],"tags":[1392,19740,1011,27,1387,60,1390,1471,2767,1470,1469],"class_list":{"0":"post-606127","1":"post","2":"type-post","3":"status-publish","4":"format-standard","5":"has-post-thumbnail","7":"category-volley","8":"tag-a-la-une-local","9":"tag-coupe-de-france-volley","10":"tag-fr","11":"tag-france","12":"tag-indre-et-loire","13":"tag-sports","14":"tag-tours","15":"tag-tours-volley-ball","16":"tag-tvb-37","17":"tag-volley","18":"tag-volleyball"},"share_on_mastodon":{"url":"https:\/\/pubeurope.com\/@fr\/115737149182595504","error":""},"_links":{"self":[{"href":"https:\/\/www.europesays.com\/fr\/wp-json\/wp\/v2\/posts\/606127","targetHints":{"allow":["GET"]}}],"collection":[{"href":"https:\/\/www.europesays.com\/fr\/wp-json\/wp\/v2\/posts"}],"about":[{"href":"https:\/\/www.europesays.com\/fr\/wp-json\/wp\/v2\/types\/post"}],"author":[{"embeddable":true,"href":"https:\/\/www.europesays.com\/fr\/wp-json\/wp\/v2\/users\/2"}],"replies":[{"embeddable":true,"href":"https:\/\/www.europesays.com\/fr\/wp-json\/wp\/v2\/comments?post=606127"}],"version-history":[{"count":0,"href":"https:\/\/www.europesays.com\/fr\/wp-json\/wp\/v2\/posts\/606127\/revisions"}],"wp:featuredmedia":[{"embeddable":true,"href":"https:\/\/www.europesays.com\/fr\/wp-json\/wp\/v2\/media\/606128"}],"wp:attachment":[{"href":"https:\/\/www.europesays.com\/fr\/wp-json\/wp\/v2\/media?parent=606127"}],"wp:term":[{"taxonomy":"category","embeddable":true,"href":"https:\/\/www.europesays.com\/fr\/wp-json\/wp\/v2\/categories?post=606127"},{"taxonomy":"post_tag","embeddable":true,"href":"https:\/\/www.europesays.com\/fr\/wp-json\/wp\/v2\/tags?post=606127"}],"curies":[{"name":"wp","href":"https:\/\/api.w.org\/{rel}","templated":true}]}}