{"id":606133,"date":"2025-12-17T22:03:15","date_gmt":"2025-12-17T22:03:15","guid":{"rendered":"https:\/\/www.europesays.com\/fr\/606133\/"},"modified":"2025-12-17T22:03:15","modified_gmt":"2025-12-17T22:03:15","slug":"maconnais-a-deux-pas-de-macon-cormoranche-sur-saone-sera-ville-depart-dune-etape-de-paris-nice-2026-le-jsl","status":"publish","type":"post","link":"https:\/\/www.europesays.com\/fr\/606133\/","title":{"rendered":"M\u00e2connais \u00c0 deux pas de M\u00e2con, Cormoranche-sur-Sa\u00f4ne sera ville d\u00e9part d\u2019une \u00e9tape de Paris-Nice 2026 &#8211; Le JSL"},"content":{"rendered":"<ol>\n<li><a href=\"https:\/\/news.google.com\/rss\/articles\/CBMi1gFBVV95cUxPb1BHamFpLVRDR2lzTEtnOThnckk2RW1rcUNWZXE5STJZYlhUQUVaS0RqQ0IxVF9lRVU2UzZqb3JvUU1hQXFhMmFVRkhuNHVmOWRWZkRLRVppMFlacFlyZTY1UVA0NFU2ajFfdFZ0dmo4VVhsdVplaXZoWWc5ZmlxcXJacEVtb3cxY0ctYXVUaTJLZDR6RGtzTmlMY3V3LUF1bHVqWVJwMHdtM3dWcTR4M21BNjV6WDVubHh5WVhrMW5iU284ZE9ibW5HQkNxZFY5NUdjZ05R?oc=5\" target=\"_blank\" rel=\"noopener\">M\u00e2connais \u00c0 deux pas de M\u00e2con, Cormoranche-sur-Sa\u00f4ne sera ville d\u00e9part d\u2019une \u00e9tape de Paris-Nice 2026<\/a>&nbsp;&nbsp;Le JSL<\/li>\n<li><a href=\"https:\/\/news.google.com\/rss\/articles\/CBMigwJBVV95cUxPelhvWHBINFlQZ09kY3FKVENhTEdENDNiVFlpNjc1cGNqVUlyZ0VMQlJEVkFOQ3h6MVJRNjRHVmlxUExkY3RxWEFSdHhBc3FWXzdUak15Z3J3elduLVQyaTF0Z0Z1TS15dmZwc3RTUUFPRG4yd2lsTlgwWlFzNHpQSUYydUo2TkVxbWp2Rl80dHFjSm9odDVDaERNcFJWbGZxdUFIRmtpOElNZ1YyQVlMSWRTV0NVcGxjQWgxcjh6X21pYlo0TGhpNGp2RDJHZUhHQi10blB4ZFVNVVFVUG5SRTh3MDNTaHRNR1NNdGdSdDN3YkVUcU04NTlJeHB2TzRSOVow?oc=5\" target=\"_blank\" rel=\"noopener\">Valentin Paret-Peintre, K\u00e9vin Vauquelin, Lenny Martinez&#8230; Les Bleus tr\u00e8s attendus sur Paris-Nice en l&rsquo;absence des stars<\/a>&nbsp;&nbsp;L&rsquo;\u00c9quipe<\/li>\n<li><a href=\"https:\/\/news.google.com\/rss\/articles\/CBMikAJBVV95cUxNVmRYN1EwSkIzamlGS1BVbDFfVWVvZFJYNEpGVGFSdFJBNzhmMWF1VDdvNW1JZWx6SHVoM2RYYjdMTW55bDJZSlRoZEUzRVhiU2NCNEdOM1NSSk9DVHU0SVB4U0pHZWpKM2MwSFBVMnU5ZVVVY181eEtyQVpPU0h5ZEpTbl9CMlRfcE91bjhBRG5ha25WSk1Qd0JibTZOQmpSLTZpS0hnXzhOanhycWVfNUtOenl4clItOTJCQlBsX2g5dFhDODJRTkFGZXpFN2FLRGxDVmpEMlMxczZNN3B5Z0VWWnVMczh0NjJLYlRxcURqU0dnTDAyYmQ0VUtwMHY3bVRmUndGTUxmQXotVFlTWQ?oc=5\" target=\"_blank\" rel=\"noopener\">Le parcours d\u00e9voil\u00e9 : Rendez-vous \u00e0 l&rsquo;Allianz Riviera pour le final<\/a>&nbsp;&nbsp;Eurosport<\/li>\n<li><a href=\"https:\/\/news.google.com\/rss\/articles\/CBMigwJBVV95cUxOMHNEaW1FRzl5Wjd1OTVWdjJHQzA5N3N3WWczQXVLbkNaQlM0eGNoZWEtUjhpN2tmczlDSjhBakxWTk9UTFZNSXBKVjZJMjU5YlY0ajFkbW9SbTJHQldzQUlYc3Z5T0NxeUdXUGlwZHp6VUlpc21MNmEteVFfMThRblY1SHVZOXBXQmZRLUhvQzVLdzZMNG9PMEZ1VjdNa0xfZkVJSzBFUml2S3lxZzB6U0dSRDRsMXdqNjlCMW9fTHg4ejBSVHh0ZHVTVjVJQXJVLUhXYy16Wl9TVW5tRHBIXzZjNHNUSU9WZ2NJWTRGRzNyUHVnY2haQlB3LW9ieW5Xb2FB?oc=5\" target=\"_blank\" rel=\"noopener\">Cyclisme &#8211; INTERVIEW 2025 &#8211; Yannick Talabardon : \u00ab\u00a0On voulait se rapprocher un peu plus de Milan-San Remo\u00a0\u00bb<\/a>&nbsp;&nbsp;Sports &#8211; Orange<\/li>\n<li><a href=\"https:\/\/news.google.com\/rss\/articles\/CBMijgFBVV95cUxNbzkyYk1nY3dYRHJjOHNoWm1ITmphZjNnVEx0QWFrSHAyUk9kZVY5NVFpbzN1NDE2bVQ3aW9CNkJWWW1LYzZkQlBTbTB1N3lOejFMcTNGT0d0N0hXYjROajdPUHJaQWh3ampkVnlfSlNGUFRzWkQ3MjZiZUZaaE1pckEwMnk2d2otanF5UFhB?oc=5\" target=\"_blank\" rel=\"noopener\">Paris-Nice 2026 : Les \u00e9quipes s\u00e9lectionn\u00e9es<\/a>&nbsp;&nbsp;DirectVelo<\/li>\n<\/ol>\n","protected":false},"excerpt":{"rendered":"M\u00e2connais \u00c0 deux pas de M\u00e2con, Cormoranche-sur-Sa\u00f4ne sera ville d\u00e9part d\u2019une \u00e9tape de Paris-Nice 2026&nbsp;&nbsp;Le JSL Valentin Paret-Peintre,&hellip;\n","protected":false},"author":2,"featured_media":606134,"comment_status":"","ping_status":"","sticky":false,"template":"","format":"standard","meta":{"footnotes":""},"categories":[1411],"tags":[34467,1687,1154,207,3718,107,1011,27,5980,5982,60],"class_list":{"0":"post-606133","1":"post","2":"type-post","3":"status-publish","4":"format-standard","5":"has-post-thumbnail","7":"category-cyclisme","8":"tag-cormoranche-sur-saone","9":"tag-culture-loisirs","10":"tag-cycling","11":"tag-cyclisme","12":"tag-edition-macon","13":"tag-fil-info","14":"tag-fr","15":"tag-france","16":"tag-macon","17":"tag-macon-ville","18":"tag-sports"},"share_on_mastodon":{"url":"https:\/\/pubeurope.com\/@fr\/115737172685338996","error":""},"_links":{"self":[{"href":"https:\/\/www.europesays.com\/fr\/wp-json\/wp\/v2\/posts\/606133","targetHints":{"allow":["GET"]}}],"collection":[{"href":"https:\/\/www.europesays.com\/fr\/wp-json\/wp\/v2\/posts"}],"about":[{"href":"https:\/\/www.europesays.com\/fr\/wp-json\/wp\/v2\/types\/post"}],"author":[{"embeddable":true,"href":"https:\/\/www.europesays.com\/fr\/wp-json\/wp\/v2\/users\/2"}],"replies":[{"embeddable":true,"href":"https:\/\/www.europesays.com\/fr\/wp-json\/wp\/v2\/comments?post=606133"}],"version-history":[{"count":0,"href":"https:\/\/www.europesays.com\/fr\/wp-json\/wp\/v2\/posts\/606133\/revisions"}],"wp:featuredmedia":[{"embeddable":true,"href":"https:\/\/www.europesays.com\/fr\/wp-json\/wp\/v2\/media\/606134"}],"wp:attachment":[{"href":"https:\/\/www.europesays.com\/fr\/wp-json\/wp\/v2\/media?parent=606133"}],"wp:term":[{"taxonomy":"category","embeddable":true,"href":"https:\/\/www.europesays.com\/fr\/wp-json\/wp\/v2\/categories?post=606133"},{"taxonomy":"post_tag","embeddable":true,"href":"https:\/\/www.europesays.com\/fr\/wp-json\/wp\/v2\/tags?post=606133"}],"curies":[{"name":"wp","href":"https:\/\/api.w.org\/{rel}","templated":true}]}}