{"id":606139,"date":"2025-12-17T22:06:15","date_gmt":"2025-12-17T22:06:15","guid":{"rendered":"https:\/\/www.europesays.com\/fr\/606139\/"},"modified":"2025-12-17T22:06:15","modified_gmt":"2025-12-17T22:06:15","slug":"rencontre-avec-vincent-munier-dans-les-vosges-dire-que-la-nature-est-belle-ne-suffit-plus-telerama","status":"publish","type":"post","link":"https:\/\/www.europesays.com\/fr\/606139\/","title":{"rendered":"Rencontre avec Vincent Munier dans les Vosges : \u201cDire que la nature est belle ne suffit plus\u201d &#8211; T\u00e9l\u00e9rama"},"content":{"rendered":"<ol>\n<li><a href=\"https:\/\/news.google.com\/rss\/articles\/CBMizAFBVV95cUxNREtWbnBsOVB0WmFwYnc1S3pBaUltY1YzSFBIcG9uUnZtRmJZX2FJV2FwdW1yVEhLM0JTNjhMZ0JsY1IxaVktbENLNE5JUTJTOE1PeEpabnI0S3JFN1RLekNwOWxsTVpZZklhNmpyQ25mNVM2T2pDVGdtQjNMTEtWc1JhRzZDUXo5XzRmOTBId2thS3FlTFFEUlJzVkVkeGRNOElrUk5VTy1zT18xUjM0d0dsTFlVNHBMMUlCRmc4NjUyWUY5bGlQc244aHo?oc=5\" target=\"_blank\" rel=\"noopener\">Rencontre avec Vincent Munier dans les Vosges : \u201cDire que la nature est belle ne suffit plus\u201d<\/a>&nbsp;&nbsp;T\u00e9l\u00e9rama<\/li>\n<li><a href=\"https:\/\/news.google.com\/rss\/articles\/CBMihgJBVV95cUxQZUtCNHZmd2R3NGt4d2p1UVpucEotdmtQVk5VUEVaSFNGZWtuSF8ybnJzeGptRV9BeFg1OVp1RWpQd1Znb3VjNXZZR2hoRzJOdTFMZ3oxLV81eHJ5NmpEWlowRk9ZcnRRQ24xdUstWnltSVQzbUo2c283SmJkSEJwRjhlYWttdC1xbUFYOF94ZlRWbmJ5Z2p1YzkwOExOSEw2ZlA3SkVMdEhhZlZDV0JjT29yaHhyeVBfT05WWldyNUVNazRheGFaMmZSdnNLb2RFQTBSUTlTVWs0SHZRTVlRUkRCd2ZJVDM4b291TFhZenV1LW9pdGVJT05fTTRVQ1JUa2FqcG93?oc=5\" target=\"_blank\" rel=\"noopener\">Vincent Munier, photographe animalier : \u00ab Comment se fait-il qu\u2019on soit si peu sensibles \u00e0 ce qui nous entoure ? \u00bb<\/a>&nbsp;&nbsp;Le Monde.fr<\/li>\n<li><a href=\"https:\/\/news.google.com\/rss\/articles\/CBMifkFVX3lxTE9CMGRuSEE5TzBIS2Z4aHVFN1Bvd3dwV3VjTTNzbzRRX2xQZXp2SkRJdmQydTg2Mmc4d1JmMTJoSDZyWWthZXZ1WHpXNW9CRC0zcGpfN1J5dGxmNzhybXFoR2ZBd2xKM2dWZHJMeF9KQTJKV2kwQkpCeFNNbVJBUQ?oc=5\" target=\"_blank\" rel=\"noopener\">Apr\u00e8s La Panth\u00e8re des neiges, d\u00e9couvrez un documentaire immersif sur les for\u00eats enchanteresses des Vosges<\/a>&nbsp;&nbsp;AlloCin\u00e9<\/li>\n<li><a href=\"https:\/\/news.google.com\/rss\/articles\/CBMijAFBVV95cUxPVVNJNTRubktVUkFLWlBhVkpFZmt1TGt2NER0bi1tREUwS2pHb3RoOXVkSGc2eEdma19idHJBbDZFN0twejUybi1xNVNfSEtyWlVGWG9FbGE0TlV2RTNfRWJnVzJ1T2JkOGEtbmQzTnZKcjBuaTAtT3FjeDRRQWxjS3U2RGc1UXJCQlpaTg?oc=5\" target=\"_blank\" rel=\"noopener\">Film : \u00ab\u00a0Le chant des for\u00eats\u00a0\u00bb, une vie d\u2019aff\u00fbt<\/a>&nbsp;&nbsp;Arte.tv<\/li>\n<li><a href=\"https:\/\/news.google.com\/rss\/articles\/CBMipAJBVV95cUxNbHhNZXh0N3VIZE5HUnhNOWxDUmx2UFpnc0lRVF9mLUd2ZElOSE1iUjNRVzlGVk1CREItNXNCUWJ6LXNUakp1WXBWU1hMelA3OGlqcDhLOW9aajJRTUhPWkFLa3VQNFFhNVkxWVJlRGVaVVRNbkdFMHVkOGZ3d2xoY3hiVlB0Rm9HdFNWMUNCX0ZwVkVPVVZqeDRpUWVvaERFazZzVXZDdUxMUFl1VGoxa0wySHdPcjdCekx3VHhPRmc0dlhrOTI2VlJlZ1BDWXcyUHc4NS1ySUt0dXlBUUNGQmpfQmdHMnMtUTAxX1ZWcFh6TDhHNUJKejFFY2RDdUY1TEcxdlBnSGdaQmo2M0Q0VXl6SWRjbjl3bzdrN1dGcDdZTGtK?oc=5\" target=\"_blank\" rel=\"noopener\">\u00ab Jamais je n&rsquo;aurais cru voir dispara\u00eetre de ma r\u00e9gion un oiseau pr\u00e9sent depuis 10.000 ans \u00bb : le cri d&rsquo;alarme du documentariste animalier Vincent Munier<\/a>&nbsp;&nbsp;Les Echos<\/li>\n<\/ol>\n","protected":false},"excerpt":{"rendered":"Rencontre avec Vincent Munier dans les Vosges : \u201cDire que la nature est belle ne suffit plus\u201d&nbsp;&nbsp;T\u00e9l\u00e9rama Vincent&hellip;\n","protected":false},"author":2,"featured_media":606140,"comment_status":"","ping_status":"","sticky":false,"template":"","format":"standard","meta":{"footnotes":""},"categories":[1358],"tags":[1348,1384,1385,1386,58,59,1011,27],"class_list":{"0":"post-606139","1":"post","2":"type-post","3":"status-publish","4":"format-standard","5":"has-post-thumbnail","7":"category-arts-et-design","8":"tag-arts","9":"tag-arts-and-design","10":"tag-arts-et-design","11":"tag-design","12":"tag-divertissement","13":"tag-entertainment","14":"tag-fr","15":"tag-france"},"share_on_mastodon":{"url":"https:\/\/pubeurope.com\/@fr\/115737184332061018","error":""},"_links":{"self":[{"href":"https:\/\/www.europesays.com\/fr\/wp-json\/wp\/v2\/posts\/606139","targetHints":{"allow":["GET"]}}],"collection":[{"href":"https:\/\/www.europesays.com\/fr\/wp-json\/wp\/v2\/posts"}],"about":[{"href":"https:\/\/www.europesays.com\/fr\/wp-json\/wp\/v2\/types\/post"}],"author":[{"embeddable":true,"href":"https:\/\/www.europesays.com\/fr\/wp-json\/wp\/v2\/users\/2"}],"replies":[{"embeddable":true,"href":"https:\/\/www.europesays.com\/fr\/wp-json\/wp\/v2\/comments?post=606139"}],"version-history":[{"count":0,"href":"https:\/\/www.europesays.com\/fr\/wp-json\/wp\/v2\/posts\/606139\/revisions"}],"wp:featuredmedia":[{"embeddable":true,"href":"https:\/\/www.europesays.com\/fr\/wp-json\/wp\/v2\/media\/606140"}],"wp:attachment":[{"href":"https:\/\/www.europesays.com\/fr\/wp-json\/wp\/v2\/media?parent=606139"}],"wp:term":[{"taxonomy":"category","embeddable":true,"href":"https:\/\/www.europesays.com\/fr\/wp-json\/wp\/v2\/categories?post=606139"},{"taxonomy":"post_tag","embeddable":true,"href":"https:\/\/www.europesays.com\/fr\/wp-json\/wp\/v2\/tags?post=606139"}],"curies":[{"name":"wp","href":"https:\/\/api.w.org\/{rel}","templated":true}]}}