{"id":606141,"date":"2025-12-17T22:08:13","date_gmt":"2025-12-17T22:08:13","guid":{"rendered":"https:\/\/www.europesays.com\/fr\/606141\/"},"modified":"2025-12-17T22:08:13","modified_gmt":"2025-12-17T22:08:13","slug":"sibyle-veil-fait-fi-dune-ambiance-survoltee","status":"publish","type":"post","link":"https:\/\/www.europesays.com\/fr\/606141\/","title":{"rendered":"Sibyle Veil fait fi d\u2019une ambiance survolt\u00e9e"},"content":{"rendered":"<p>                     <img loading=\"lazy\" decoding=\"async\" src=\"https:\/\/www.europesays.com\/fr\/wp-content\/uploads\/2025\/12\/c3c0b51_ftp-1-nq6lmnevzyo7-5702375-01-06.jpg\" alt=\"La pr\u00e9sidente de Radio France, Sibyle Veil, \u00e0 son une audition devant la commission d\u2019enqu\u00eate parlementaire sur l\u2019audiovisuel public, \u00e0 Paris, le 17\u00a0d\u00e9cembre\u00a02025.\"   width=\"664\" height=\"443\"\/>    La pr\u00e9sidente de Radio France, Sibyle Veil, \u00e0 son une audition devant la commission d\u2019enqu\u00eate parlementaire sur l\u2019audiovisuel public, \u00e0 Paris, le 17\u00a0d\u00e9cembre\u00a02025.  STEPHANE DE SAKUTIN \/ AFP                 <\/p>\n<p class=\"article__paragraph  \">Ce qui se passe en dehors de la commission d\u2019enqu\u00eate parlementaire sur l\u2019audiovisuel public commence-t-il \u00e0 influer sur le contenu m\u00eame de la commission\u00a0? Tandis que les r\u00e9seaux sociaux bruissent sans discontinuer d\u2019accusations et d\u2019approximations parfois mensong\u00e8res, l\u2019audition de la pr\u00e9sidente de Radio France Sibyle Veil, mercredi 17\u00a0d\u00e9cembre, a \u00e9t\u00e9 l\u2019occasion de plusieurs rectifications.<\/p>\n<p>   Lire plus tard  <\/p>\n<p class=\"article__paragraph  \">Le premier \u00e0 mettre les points sur les i fut le pr\u00e9sident de la commission J\u00e9r\u00e9mie Patrier-Leitus (Horizons, Calvados). Face aux \u00ab\u00a0contrev\u00e9rit\u00e9s grossi\u00e8res\u00a0\u00bb et \u00ab\u00a0fausses informations\u00a0\u00bb colport\u00e9es principalement sur X, le d\u00e9put\u00e9 a fait savoir que \u00ab\u00a0si de tels faits se reproduisent, [son] avocat a d\u2019ores et d\u00e9j\u00e0 re\u00e7u instruction d\u2019engager toute action juridique et judiciaire pour faire cesser et sanctionner de tels agissements qui, au-del\u00e0 de [sa] personne, portent atteinte aux travaux de [notre] commission et plus largement de l\u2019Assembl\u00e9e nationale\u00a0\u00bb.<\/p>\n<p>   Lire plus tard  <\/p>\n<p class=\"article__paragraph  \">La journ\u00e9e avait commenc\u00e9 par un autre rappel \u00e0 l\u2019ordre, inflig\u00e9 par la pr\u00e9sidente de l\u2019institution Ya\u00ebl Braun-Pivet au seul rapporteur, le ciottiste Charles Alloncle (Union des droites pour la R\u00e9publique, UDR, H\u00e9rault). Constatant que la commission d\u2019enqu\u00eate a \u00ab\u00a0d\u00e9j\u00e0 donn\u00e9 lieu \u00e0 des incidents d\u2019une fr\u00e9quence et d\u2019une ampleur in\u00e9dite\u00a0\u00bb, la d\u00e9put\u00e9e (Ensemble pour la R\u00e9publique, Yvelines) lui a notamment demand\u00e9, de \u00ab\u00a0faire preuve de retenue dans [ses] prises de position, et [ses] expressions publiques, en particulier sur les r\u00e9seaux sociaux et tout particuli\u00e8rement durant les auditions\u00a0\u00bb.<\/p>\n<p class=\"reading-mode-only \"><strong>Il vous reste 70.58% de cet article \u00e0 lire. La suite est r\u00e9serv\u00e9e aux abonn\u00e9s.<\/strong><\/p>\n","protected":false},"excerpt":{"rendered":"La pr\u00e9sidente de Radio France, Sibyle Veil, \u00e0 son une audition devant la commission d\u2019enqu\u00eate parlementaire sur l\u2019audiovisuel&hellip;\n","protected":false},"author":2,"featured_media":606142,"comment_status":"","ping_status":"","sticky":false,"template":"","format":"standard","meta":{"footnotes":""},"categories":[1356],"tags":[58,59,1011,27,252,1364],"class_list":{"0":"post-606141","1":"post","2":"type-post","3":"status-publish","4":"format-standard","5":"has-post-thumbnail","7":"category-television","8":"tag-divertissement","9":"tag-entertainment","10":"tag-fr","11":"tag-france","12":"tag-television","13":"tag-tv"},"share_on_mastodon":{"url":"https:\/\/pubeurope.com\/@fr\/115737193372931374","error":""},"_links":{"self":[{"href":"https:\/\/www.europesays.com\/fr\/wp-json\/wp\/v2\/posts\/606141","targetHints":{"allow":["GET"]}}],"collection":[{"href":"https:\/\/www.europesays.com\/fr\/wp-json\/wp\/v2\/posts"}],"about":[{"href":"https:\/\/www.europesays.com\/fr\/wp-json\/wp\/v2\/types\/post"}],"author":[{"embeddable":true,"href":"https:\/\/www.europesays.com\/fr\/wp-json\/wp\/v2\/users\/2"}],"replies":[{"embeddable":true,"href":"https:\/\/www.europesays.com\/fr\/wp-json\/wp\/v2\/comments?post=606141"}],"version-history":[{"count":0,"href":"https:\/\/www.europesays.com\/fr\/wp-json\/wp\/v2\/posts\/606141\/revisions"}],"wp:featuredmedia":[{"embeddable":true,"href":"https:\/\/www.europesays.com\/fr\/wp-json\/wp\/v2\/media\/606142"}],"wp:attachment":[{"href":"https:\/\/www.europesays.com\/fr\/wp-json\/wp\/v2\/media?parent=606141"}],"wp:term":[{"taxonomy":"category","embeddable":true,"href":"https:\/\/www.europesays.com\/fr\/wp-json\/wp\/v2\/categories?post=606141"},{"taxonomy":"post_tag","embeddable":true,"href":"https:\/\/www.europesays.com\/fr\/wp-json\/wp\/v2\/tags?post=606141"}],"curies":[{"name":"wp","href":"https:\/\/api.w.org\/{rel}","templated":true}]}}