{"id":606157,"date":"2025-12-17T22:16:13","date_gmt":"2025-12-17T22:16:13","guid":{"rendered":"https:\/\/www.europesays.com\/fr\/606157\/"},"modified":"2025-12-17T22:16:13","modified_gmt":"2025-12-17T22:16:13","slug":"barak-hussein-trump-franchit-un-nouveau-cap-dans-les-insultes-contre-biden-et-obama","status":"publish","type":"post","link":"https:\/\/www.europesays.com\/fr\/606157\/","title":{"rendered":"\u00ab\u00a0Barak Hussein\u00a0\u00bb\u2026 Trump franchit un nouveau cap dans les insultes contre Biden et Obama"},"content":{"rendered":"<p><a href=\"https:\/\/www.20minutes.fr\/dossier\/donald_trump\" target=\"_blank\" class=\"c-link c-link--is-underlined\" rel=\"noopener\">Donald Trump<\/a> ne se contente plus de critiquer ses rivaux\u00a0: il les affiche. A la <a href=\"https:\/\/www.20minutes.fr\/dossier\/maison_blanche\" target=\"_blank\" class=\"c-link c-link--is-underlined\" rel=\"noopener\">Maison-Blanche<\/a>, le pr\u00e9sident am\u00e9ricain a fait installer des plaques biographiques visant directement <a href=\"https:\/\/www.20minutes.fr\/dossier\/joe_biden\" target=\"_blank\" class=\"c-link c-link--is-underlined\" rel=\"noopener\">Joe Biden<\/a> et <a href=\"https:\/\/www.20minutes.fr\/dossier\/barack_obama\" target=\"_blank\" class=\"c-link c-link--is-underlined\" rel=\"noopener\">Barack Obama<\/a>, inscrivant ses attaques personnelles dans un cadre institutionnel in\u00e9dit. D\u00e9couvertes mercredi par des journalistes, ces plaques marquent un nouveau durcissement dans la personnalisation du pouvoir pr\u00e9sidentiel.<\/p>\n<p>Cette initiative prolonge une s\u00e9rie de mises en sc\u00e8ne d\u00e9j\u00e0 controvers\u00e9es. Sous une colonnade menant au Bureau ovale, une galerie de portraits d\u2019anciens chefs d\u2019Etat a \u00e9t\u00e9 modifi\u00e9e\u00a0: la photographie de Joe Biden a \u00e9t\u00e9 remplac\u00e9e par celle d\u2019une <a href=\"https:\/\/www.20minutes.fr\/monde\/etats-unis\/4144013-20250317-etats-unis-stylo-automatique-nouvelle-arme-trump-finir-discrediter-biden\" target=\"_blank\" class=\"c-link c-link--is-underlined\" rel=\"noopener\">machine \u00e0 signer<\/a>. Une r\u00e9f\u00e9rence explicite aux accusations r\u00e9p\u00e9t\u00e9es de Donald Trump, qui affirme que son pr\u00e9d\u00e9cesseur \u00e9tait trop diminu\u00e9 pour gouverner.<\/p>\n<\/p>\n<p>Obama et Biden se font descendre<\/p>\n<p>Les textes grav\u00e9s sous les portraits renforcent cette charge politique. Celui consacr\u00e9 \u00e0 Barack Obama le d\u00e9crit comme \u00ab\u00a0l\u2019une des personnalit\u00e9s politiques les plus clivantes de l\u2019histoire\u00a0\u00bb et l\u2019appelle \u00ab\u00a0Barack Hussein Obama\u00a0\u00bb, une formulation utilis\u00e9e de longue date par Donald Trump et associ\u00e9e \u00e0 la diffusion de <a href=\"https:\/\/www.20minutes.fr\/dossier\/theorie_du_complot\" target=\"_blank\" class=\"c-link c-link--is-underlined\" rel=\"noopener\">th\u00e9ories complotistes<\/a> sur les origines de l\u2019ancien pr\u00e9sident. Joe Biden est, de son c\u00f4t\u00e9, qualifi\u00e9 de \u00ab\u00a0Joe Biden l\u2019endormi\u00a0\u00bb et pr\u00e9sent\u00e9 comme \u00ab\u00a0de loin, le pire pr\u00e9sident de l\u2019histoire des Etats-Unis\u00a0\u00bb, avec la reprise de l\u2019affirmation infond\u00e9e selon laquelle l\u2019\u00e9lection de\u00a02020 aurait \u00e9t\u00e9 vol\u00e9e.<\/p>\n<p><a href=\"https:\/\/www.20minutes.fr\/dossier\/donald_trump\" target=\"_blank\" class=\"c-link c-btn c-btn--primary\" rel=\"noopener\">Tous nos articles sur Donald Trump<\/a><\/p>\n<p>A l\u2019inverse, la plaque d\u00e9di\u00e9e \u00e0 Donald Trump dresse un portrait tr\u00e8s avantageux de l\u2019actuel pr\u00e9sident, \u00e9voquant notamment la fin de \u00ab\u00a0huit conflits en huit mois\u00a0\u00bb et des \u00ab\u00a0millions de milliards\u00a0\u00bb d\u2019investissements attir\u00e9s aux Etats-Unis, des chiffres largement contest\u00e9s ou impossibles \u00e0 v\u00e9rifier. Depuis son retour au pouvoir, Donald Trump a profond\u00e9ment remodel\u00e9 la Maison-Blanche, multipliant les ornements dor\u00e9s, lan\u00e7ant la construction d\u2019une immense salle de bal et faisant accrocher ses propres portraits, en rupture avec les usages pr\u00e9sidentiels.<\/p>\n","protected":false},"excerpt":{"rendered":"Donald Trump ne se contente plus de critiquer ses rivaux\u00a0: il les affiche. A la Maison-Blanche, le pr\u00e9sident&hellip;\n","protected":false},"author":2,"featured_media":606158,"comment_status":"","ping_status":"","sticky":false,"template":"","format":"standard","meta":{"footnotes":""},"categories":[5],"tags":[47,11,592,75,73,1011,27,2335,14,457,78,74,12,28],"class_list":{"0":"post-606157","1":"post","2":"type-post","3":"status-publish","4":"format-standard","5":"has-post-thumbnail","7":"category-international","8":"tag-actualite","9":"tag-actualites","10":"tag-barack-obama","11":"tag-donald-trump","12":"tag-etats-unis","13":"tag-fr","14":"tag-france","15":"tag-insulte","16":"tag-international","17":"tag-joe-biden","18":"tag-maison-blanche","19":"tag-monde","20":"tag-news","21":"tag-world"},"share_on_mastodon":{"url":"https:\/\/pubeurope.com\/@fr\/115737223843325356","error":""},"_links":{"self":[{"href":"https:\/\/www.europesays.com\/fr\/wp-json\/wp\/v2\/posts\/606157","targetHints":{"allow":["GET"]}}],"collection":[{"href":"https:\/\/www.europesays.com\/fr\/wp-json\/wp\/v2\/posts"}],"about":[{"href":"https:\/\/www.europesays.com\/fr\/wp-json\/wp\/v2\/types\/post"}],"author":[{"embeddable":true,"href":"https:\/\/www.europesays.com\/fr\/wp-json\/wp\/v2\/users\/2"}],"replies":[{"embeddable":true,"href":"https:\/\/www.europesays.com\/fr\/wp-json\/wp\/v2\/comments?post=606157"}],"version-history":[{"count":0,"href":"https:\/\/www.europesays.com\/fr\/wp-json\/wp\/v2\/posts\/606157\/revisions"}],"wp:featuredmedia":[{"embeddable":true,"href":"https:\/\/www.europesays.com\/fr\/wp-json\/wp\/v2\/media\/606158"}],"wp:attachment":[{"href":"https:\/\/www.europesays.com\/fr\/wp-json\/wp\/v2\/media?parent=606157"}],"wp:term":[{"taxonomy":"category","embeddable":true,"href":"https:\/\/www.europesays.com\/fr\/wp-json\/wp\/v2\/categories?post=606157"},{"taxonomy":"post_tag","embeddable":true,"href":"https:\/\/www.europesays.com\/fr\/wp-json\/wp\/v2\/tags?post=606157"}],"curies":[{"name":"wp","href":"https:\/\/api.w.org\/{rel}","templated":true}]}}