{"id":606175,"date":"2025-12-17T22:27:16","date_gmt":"2025-12-17T22:27:16","guid":{"rendered":"https:\/\/www.europesays.com\/fr\/606175\/"},"modified":"2025-12-17T22:27:16","modified_gmt":"2025-12-17T22:27:16","slug":"cinema-cirque-et-theatre-glaces-loups-et-monologues-pour-petits-et-grands-a-montpellier-en-decembre","status":"publish","type":"post","link":"https:\/\/www.europesays.com\/fr\/606175\/","title":{"rendered":"Cin\u00e9ma, cirque et th\u00e9\u00e2tre\u00a0: glaces, loups et monologues pour petits et grands \u00e0 Montpellier en d\u00e9cembre"},"content":{"rendered":"<p>\n                                                                Performances, th\u00e9\u00e2tre, cirque et cin\u00e9ma rythment la mi-d\u00e9cembre \u00e0 Montpellier avec plusieurs rendez-vous culturels. \u00ab\u00a0Entre chien et loup\u00a0\u00bb m\u00eale fiction et documentaire, tandis que \u00ab\u00a0Depuis mon corps chaud\u00a0\u00bb croise deux monologues sur la fin de vie. Les jeunes artistes du cirque Balthazar investissent le Domaine d\u2019O et le Festival Cin\u00e9 des enfants s\u2019installe au Diagonal jusqu\u2019\u00e0 d\u00e9but janvier.\n                            <\/p>\n<p>Entre chien et loup<\/p>\n<p>        <img decoding=\"async\" class=\"std-img__img responsive-img\" src=\"https:\/\/www.europesays.com\/fr\/wp-content\/uploads\/2025\/12\/1766010434_167_image.jpg\" alt=\"Oeuvres de Em\u2019ma_Pinoteau\"\/><\/p>\n<p>                Oeuvres de Em\u2019ma_Pinoteau<\/p>\n<p>S\u2019inspirant du parcours r\u00e9el du loup GW1909m, observ\u00e9 pr\u00e8s de Barcelone apr\u00e8s plus de 1\u00a0200\u00a0km depuis la France, Entre chien et loup d\u2019Em\u2019ma Pinoteau m\u00eale documentaire et fiction autour d\u2019un enfant en fuite dans les bois. Le projet se d\u00e9ploie sous la forme d\u2019un fanzine et d\u2019une performance d\u00e9ambulante, participative, organis\u00e9e en deux parcours distincts (deux groupes accompagn\u00e9s chacun par un guide), avant une d\u00e9gustation de glaces.<\/p>\n<p>Jeudi\u00a018 et vendredi 19\u00a0d\u00e9cembre \u00e0 17\u00a0h. Le Lieu multiple, 3 rue de Moissac, Montpellier. Entr\u00e9e libre.<\/p>\n<p>Depuis mon corps chaud<\/p>\n<p>Deux monologues se croisent et dialoguent dans Depuis mon corps chaud de Gwendoline Soublin, interrogeant \u00ab\u00a0le seuil du corps et de son franchissement\u00a0\u00bb. Lui, la quarantaine, en phase terminale d\u2019un cancer\u00a0: le seuil du\u00a0\u00bb\u00e0 jamais\u00a0\u00bb. Elle, jeune infirmi\u00e8re\u00a0: le seuil du \u00ab\u00a0pour toujours\u00a0\u00bb. Une lecture perform\u00e9e par Alex Selmane et Claire Engel, sur une musique de Patrice Soletti. \u00ab\u00a0Plus que de parler de la mort, ces deux monologues s\u2019adressent \u00e0 chacun d\u2019entre nous dans le rapport que nous entretenons avec notre vie\u00a0\u00bb, \u00e9crit la compagnie Chagall sans M.<\/p>\n<p>Mercredi\u00a017 et jeudi 18\u00a0d\u00e9cembre \u00e0 19\u00a0h\u00a030. La Baignoire, 7 rue Brueys, Montpellier. Tarif\u00a0: 6 \u00e0 12\u00a0\u20ac.<\/p>\n<p>La carotte sera sal\u00e9e<\/p>\n<p>        <img decoding=\"async\" class=\"std-img__img responsive-img\" src=\"https:\/\/www.europesays.com\/fr\/wp-content\/uploads\/2025\/12\/1766010436_757_image.jpg\" alt=\"Les stagiaires des formations &quot;Arts du cirque et du mouvement&quot; du CADC Balthazar.\"\/><\/p>\n<p>                Les stagiaires des formations \u00ab\u00a0Arts du cirque et du mouvement\u00a0\u00bb du CADC Balthazar.<\/p>\n<p>Les stagiaires des formations \u00ab\u00a0Arts du cirque et du mouvement\u00a0\u00bb du CADC Balthazar pr\u00e9sentent leurs recherches sous forme de solos, duos et petites formes collectives. Un temps de d\u00e9couverte des \u00e9critures en devenir du mercredi\u00a017 au vendredi 19\u00a0d\u00e9cembre \u00e0 20\u00a0h au Domaine d\u2019O.\u00a0Tarif\u00a0: 8 \u00e0 15\u00a0\u20ac.<\/p>\n<p>Festival Cin\u00e9 des enfants<\/p>\n<p>Ateliers, exposition et projections\u00a0: une dizaine de rendez-vous sont propos\u00e9s dans le cadre du Festival Cin\u00e9 des enfants au cin\u00e9ma Diagonal, du mercredi 17\u00a0d\u00e9cembre 2025 au dimanche 4\u00a0janvier 2026.\u00a0<a href=\"https:\/\/www.cinediagonal.com\/festival\/\" target=\"_blank\" rel=\"noopener\">cinediagonal.com<\/a><\/p>\n","protected":false},"excerpt":{"rendered":"Performances, th\u00e9\u00e2tre, cirque et cin\u00e9ma rythment la mi-d\u00e9cembre \u00e0 Montpellier avec plusieurs rendez-vous culturels. \u00ab\u00a0Entre chien et loup\u00a0\u00bb&hellip;\n","protected":false},"author":2,"featured_media":606176,"comment_status":"","ping_status":"","sticky":false,"template":"","format":"standard","meta":{"footnotes":""},"categories":[9599],"tags":[1111,11,872,1777,674,1011,27,7089,2208,12,2680,25],"class_list":{"0":"post-606175","1":"post","2":"type-post","3":"status-publish","4":"format-standard","5":"has-post-thumbnail","7":"category-montpellier","8":"tag-actu","9":"tag-actualites","10":"tag-culture-et-loisirs","11":"tag-eu","12":"tag-europe","13":"tag-fr","14":"tag-france","15":"tag-herault","16":"tag-montpellier","17":"tag-news","18":"tag-occitanie","19":"tag-republique-francaise"},"share_on_mastodon":{"url":"https:\/\/pubeurope.com\/@fr\/115737267845241379","error":""},"_links":{"self":[{"href":"https:\/\/www.europesays.com\/fr\/wp-json\/wp\/v2\/posts\/606175","targetHints":{"allow":["GET"]}}],"collection":[{"href":"https:\/\/www.europesays.com\/fr\/wp-json\/wp\/v2\/posts"}],"about":[{"href":"https:\/\/www.europesays.com\/fr\/wp-json\/wp\/v2\/types\/post"}],"author":[{"embeddable":true,"href":"https:\/\/www.europesays.com\/fr\/wp-json\/wp\/v2\/users\/2"}],"replies":[{"embeddable":true,"href":"https:\/\/www.europesays.com\/fr\/wp-json\/wp\/v2\/comments?post=606175"}],"version-history":[{"count":0,"href":"https:\/\/www.europesays.com\/fr\/wp-json\/wp\/v2\/posts\/606175\/revisions"}],"wp:featuredmedia":[{"embeddable":true,"href":"https:\/\/www.europesays.com\/fr\/wp-json\/wp\/v2\/media\/606176"}],"wp:attachment":[{"href":"https:\/\/www.europesays.com\/fr\/wp-json\/wp\/v2\/media?parent=606175"}],"wp:term":[{"taxonomy":"category","embeddable":true,"href":"https:\/\/www.europesays.com\/fr\/wp-json\/wp\/v2\/categories?post=606175"},{"taxonomy":"post_tag","embeddable":true,"href":"https:\/\/www.europesays.com\/fr\/wp-json\/wp\/v2\/tags?post=606175"}],"curies":[{"name":"wp","href":"https:\/\/api.w.org\/{rel}","templated":true}]}}