{"id":606179,"date":"2025-12-17T22:30:27","date_gmt":"2025-12-17T22:30:27","guid":{"rendered":"https:\/\/www.europesays.com\/fr\/606179\/"},"modified":"2025-12-17T22:30:27","modified_gmt":"2025-12-17T22:30:27","slug":"cdf-quarts-rouen-rejoint-le-dernier-carre","status":"publish","type":"post","link":"https:\/\/www.europesays.com\/fr\/606179\/","title":{"rendered":"CDF &#8211; Quarts. Rouen rejoint le dernier carr\u00e9 !"},"content":{"rendered":"<p>\u00a0<\/p>\n<p class=\"chapeau\">Les Dragons de Rouen \u00e9liminent Angers, tenant du titre, en s\u2019imposant gr\u00e2ce \u00e0 au seul but d\u2019Anthony Rech. Le tirage au sort des demi-finales de la Coupe de France aura lieu lundi 22 d\u00e9cembre \u00e0 12h30.<\/p>\n<p style=\"text-align: right;\"><strong>Cr\u00e9dit photo :\u00a0 St\u00e9phane Heude<\/strong><\/p>\n<p>Apr\u00e8s plus d\u2019une demi-heure sans que les gardiens ne flanchent, Anthony Rech parvient \u00e0 se jouer de Jacob Smith, nouveau gardien des Ducs d\u2019Angers. Ce but r\u00e9compense les 40 bonnes premi\u00e8res minutes rouennaises, d\u00e9montr\u00e9es par une nette diff\u00e9rence au nombre de tirs (32 contre 13 pour Angers). Les Dragons parviendront \u00e0 conserver l\u2019avantage jusqu\u2019\u00e0 la sir\u00e8ne finale. Ils sortent ainsi le tenant du titre de la comp\u00e9tition (1-0) !<\/p>\n<p>Le tirage au sort des demi-finales aura lieu lundi 22 d\u00e9cembre \u00e0 12h30.<\/p>\n<p>R\u00e9sultats des quarts de finale<\/p>\n<p><strong>Mercredi 17 d\u00e9cembre<\/strong><\/p>\n<ul>\n<li>Angers (SLM) <strong><a href=\"https:\/\/www.hockeyfrance.com\/competitions\/rencontre\/73939\" target=\"_blank\" rel=\"noopener\">0-1<\/a><\/strong> <strong>Rouen (SLM)<\/strong> (0-0 ; 0-1 ; 0-0)<\/li>\n<\/ul>\n<p><strong>Mardi 16 d\u00e9cembre<\/strong><\/p>\n<ul>\n<li>Marseille (SLM) <strong><a href=\"https:\/\/www.hockeyfrance.com\/competitions\/rencontre\/53031\" target=\"_blank\" rel=\"noopener\">4-6<\/a><\/strong> <strong>Chamonix<\/strong> <strong>(SLM)<\/strong> (0-2 ; 3-2 ; 1-2)<\/li>\n<li><strong>Grenoble (SLM)<\/strong> <strong><a href=\"https:\/\/www.hockeyfrance.com\/competitions\/rencontre\/73938\" target=\"_blank\" rel=\"noopener\">5-1<\/a><\/strong> Bordeaux (SLM) (2-1 ; 2-0 ; 1-0)<\/li>\n<li>Lyon (D1) <strong><a href=\"https:\/\/www.hockeyfrance.com\/competitions\/rencontre\/73934\" target=\"_blank\" rel=\"noopener\">3-4prl<\/a><\/strong> <strong>Caen (D1)<\/strong> (1-0 ; 0-2 ; 2-1 ; 0-1)<\/li>\n<\/ul>\n<p>Diffusion<\/p>\n<p>L\u2019int\u00e9gralit\u00e9 de la comp\u00e9tition sera \u00e0 suivre sur notre nouvelle plateforme :\u00a0<a href=\"https:\/\/www.hockeyfrance.tv\/\" target=\"_blank\" rel=\"noopener\">https:\/\/www.hockeyfrance.tv\/<\/a>. Vous pouvez vous abonner directement sur le lien. Seuls les matchs se jouant dans une patinoire de Synerglace Ligue Magnus, Division 1 et Division 2 d\u00e9j\u00e0 \u00e9quip\u00e9s de cam\u00e9ras seront diffus\u00e9s.<\/p>\n<p><img decoding=\"async\" loading=\"lazy\" class=\"alignnone size-large wp-image-48207\" src=\"https:\/\/www.europesays.com\/fr\/wp-content\/uploads\/2025\/11\/320x100-2-1024x320.jpg\" alt=\"\" width=\"1024\" height=\"320\"  \/><\/p>\n","protected":false},"excerpt":{"rendered":"\u00a0 Les Dragons de Rouen \u00e9liminent Angers, tenant du titre, en s\u2019imposant gr\u00e2ce \u00e0 au seul but d\u2019Anthony&hellip;\n","protected":false},"author":2,"featured_media":606180,"comment_status":"","ping_status":"","sticky":false,"template":"","format":"standard","meta":{"footnotes":""},"categories":[9587],"tags":[1111,11,1777,674,1011,27,12,5161,25,9590],"class_list":{"0":"post-606179","1":"post","2":"type-post","3":"status-publish","4":"format-standard","5":"has-post-thumbnail","7":"category-rouen","8":"tag-actu","9":"tag-actualites","10":"tag-eu","11":"tag-europe","12":"tag-fr","13":"tag-france","14":"tag-news","15":"tag-normandie","16":"tag-republique-francaise","17":"tag-rouen"},"share_on_mastodon":{"url":"https:\/\/pubeurope.com\/@fr\/115737279980907088","error":""},"_links":{"self":[{"href":"https:\/\/www.europesays.com\/fr\/wp-json\/wp\/v2\/posts\/606179","targetHints":{"allow":["GET"]}}],"collection":[{"href":"https:\/\/www.europesays.com\/fr\/wp-json\/wp\/v2\/posts"}],"about":[{"href":"https:\/\/www.europesays.com\/fr\/wp-json\/wp\/v2\/types\/post"}],"author":[{"embeddable":true,"href":"https:\/\/www.europesays.com\/fr\/wp-json\/wp\/v2\/users\/2"}],"replies":[{"embeddable":true,"href":"https:\/\/www.europesays.com\/fr\/wp-json\/wp\/v2\/comments?post=606179"}],"version-history":[{"count":0,"href":"https:\/\/www.europesays.com\/fr\/wp-json\/wp\/v2\/posts\/606179\/revisions"}],"wp:featuredmedia":[{"embeddable":true,"href":"https:\/\/www.europesays.com\/fr\/wp-json\/wp\/v2\/media\/606180"}],"wp:attachment":[{"href":"https:\/\/www.europesays.com\/fr\/wp-json\/wp\/v2\/media?parent=606179"}],"wp:term":[{"taxonomy":"category","embeddable":true,"href":"https:\/\/www.europesays.com\/fr\/wp-json\/wp\/v2\/categories?post=606179"},{"taxonomy":"post_tag","embeddable":true,"href":"https:\/\/www.europesays.com\/fr\/wp-json\/wp\/v2\/tags?post=606179"}],"curies":[{"name":"wp","href":"https:\/\/api.w.org\/{rel}","templated":true}]}}