{"id":606181,"date":"2025-12-17T22:32:59","date_gmt":"2025-12-17T22:32:59","guid":{"rendered":"https:\/\/www.europesays.com\/fr\/606181\/"},"modified":"2025-12-17T22:32:59","modified_gmt":"2025-12-17T22:32:59","slug":"khadija-ezzarouali-quitte-la-majorite-deric-piolle-a-grenoble-un-climat-devenu-deletere","status":"publish","type":"post","link":"https:\/\/www.europesays.com\/fr\/606181\/","title":{"rendered":"Khadija Ezzarouali quitte la majorit\u00e9 d&rsquo;Eric Piolle \u00e0 Grenoble : \u00ab\u00a0Un climat devenu d\u00e9l\u00e9t\u00e8re\u00a0\u00bb"},"content":{"rendered":"<p>\n\t\t\t\t\t\t\t\t\t\t\t\t\t17 D\u00e9cembre 2025\n\t\t\t\t\t\t\t\t\t\t\t\t<\/p>\n<p>\t\t\t\t\t\t\t\t\t\t\t<img decoding=\"async\" src=\"https:\/\/www.europesays.com\/fr\/wp-content\/uploads\/2025\/12\/1280x720_6942dcbb144f6-khadija-web-2.jpg\" alt=\"Khadija Ezzarouali quitte la majorit\u00e9 d'Eric Piolle \u00e0 Grenoble : &quot;Un climat devenu d\u00e9l\u00e9t\u00e8re&quot;\" title=\"Khadija Ezzarouali quitte la majorit\u00e9 d'Eric Piolle \u00e0 Grenoble : &quot;Un climat devenu d\u00e9l\u00e9t\u00e8re&quot;\" width=\"1280\" height=\"720\" class=\"img-fluid  mb-3\" loading=\"lazy\"\/>\t\t\t\t\t\t\t\t\t\t\t<\/p>\n<p itemprop=\"description\"><strong>Nouveau coup dur dans la majorit\u00e9 municipale d&rsquo;Eric Piolle \u00e0 Grenoble, qui se d\u00e9lite depuis 3 ans.<\/strong><\/p>\n<p>\t\t\t\t\tCe mercredi, Khadija Ezzarouali annonce d\u00e9missionner du groupe Grenoble en commun, refusant \u00ab\u00a0de cautionner un fonctionnement o\u00f9 seuls certains ont\u2026\t\t\t\t\t\t\t\t\t\t\t\t\t\t\t\t\t\t\t\t\t\t<\/p>\n<p><a class=\"trans-button\" href=\"https:\/\/www.grenoblemag.com\/article\/2419\/khadija-ezzarouali-quitte-la-majorite-d-eric-piolle-a-grenoble-un-climat-devenu-deletere\" title=\"Khadija Ezzarouali quitte la majorit\u00e9 d&#039;Eric Piolle \u00e0 Grenoble : \" un=\"\" climat=\"\" devenu=\"\" d=\"\" target=\"_blank\" rel=\"noopener\"><br \/>\n\t\t\t\t\t\t\t\tLire la suite de l&rsquo;article sur Grenoblemag \u00bb<br \/>\n\t\t\t\t\t\t\t<\/a>\n\t\t\t\t\t\t\t\t\t<\/p>\n","protected":false},"excerpt":{"rendered":"17 D\u00e9cembre 2025 Nouveau coup dur dans la majorit\u00e9 municipale d&rsquo;Eric Piolle \u00e0 Grenoble, qui se d\u00e9lite depuis&hellip;\n","protected":false},"author":2,"featured_media":606182,"comment_status":"","ping_status":"","sticky":false,"template":"","format":"standard","meta":{"footnotes":""},"categories":[9566],"tags":[1111,66200,11,7733,66196,66213,66211,8279,2430,650,7734,66204,1777,674,66207,1011,27,66206,2731,66203,66201,4662,66212,66209,66202,12,1825,66205,66197,66198,66199,25,66208,66210],"class_list":{"0":"post-606181","1":"post","2":"type-post","3":"status-publish","4":"format-standard","5":"has-post-thumbnail","7":"category-grenoble","8":"tag-actu","9":"tag-actualite-grenoble","10":"tag-actualites","11":"tag-alpes","12":"tag-alpes-1-grenoble","13":"tag-alpes-de-hautes-provence-et-hautes-alpes","14":"tag-alpes-de-huez","15":"tag-alpes1","16":"tag-auvergne-rhone-alpes","17":"tag-cinema","18":"tag-ecoute","19":"tag-ecouter-alpes-1-grenoble","20":"tag-eu","21":"tag-europe","22":"tag-evenements-grenoble","23":"tag-fr","24":"tag-france","25":"tag-frequence-alpes-1-grenoble","26":"tag-grenoble","27":"tag-hits-grenoble","28":"tag-info-grenoble","29":"tag-journal","30":"tag-les-2-alpes","31":"tag-meteo-grenoble","32":"tag-musique-grenoble","33":"tag-news","34":"tag-radio","35":"tag-radio-en-ligne-grenoble","36":"tag-radio-grenoble","37":"tag-radio-isere","38":"tag-radio-locale-grenoble","39":"tag-republique-francaise","40":"tag-sorties-grenoble","41":"tag-trafic-grenoble"},"share_on_mastodon":{"url":"","error":"Validation failed: Text character limit of 500 exceeded"},"_links":{"self":[{"href":"https:\/\/www.europesays.com\/fr\/wp-json\/wp\/v2\/posts\/606181","targetHints":{"allow":["GET"]}}],"collection":[{"href":"https:\/\/www.europesays.com\/fr\/wp-json\/wp\/v2\/posts"}],"about":[{"href":"https:\/\/www.europesays.com\/fr\/wp-json\/wp\/v2\/types\/post"}],"author":[{"embeddable":true,"href":"https:\/\/www.europesays.com\/fr\/wp-json\/wp\/v2\/users\/2"}],"replies":[{"embeddable":true,"href":"https:\/\/www.europesays.com\/fr\/wp-json\/wp\/v2\/comments?post=606181"}],"version-history":[{"count":0,"href":"https:\/\/www.europesays.com\/fr\/wp-json\/wp\/v2\/posts\/606181\/revisions"}],"wp:featuredmedia":[{"embeddable":true,"href":"https:\/\/www.europesays.com\/fr\/wp-json\/wp\/v2\/media\/606182"}],"wp:attachment":[{"href":"https:\/\/www.europesays.com\/fr\/wp-json\/wp\/v2\/media?parent=606181"}],"wp:term":[{"taxonomy":"category","embeddable":true,"href":"https:\/\/www.europesays.com\/fr\/wp-json\/wp\/v2\/categories?post=606181"},{"taxonomy":"post_tag","embeddable":true,"href":"https:\/\/www.europesays.com\/fr\/wp-json\/wp\/v2\/tags?post=606181"}],"curies":[{"name":"wp","href":"https:\/\/api.w.org\/{rel}","templated":true}]}}