{"id":606183,"date":"2025-12-17T22:34:17","date_gmt":"2025-12-17T22:34:17","guid":{"rendered":"https:\/\/www.europesays.com\/fr\/606183\/"},"modified":"2025-12-17T22:34:17","modified_gmt":"2025-12-17T22:34:17","slug":"il-est-actuellement-aux-urgences-amir-annule-son-concert-a-grenoble-a-la-derniere-minute-apres-lhospitalisation-de-son-guitariste","status":"publish","type":"post","link":"https:\/\/www.europesays.com\/fr\/606183\/","title":{"rendered":"\u00ab\u00a0Il est actuellement aux urgences\u00a0\u00bb : Amir annule son concert \u00e0 Grenoble \u00e0 la derni\u00e8re minute apr\u00e8s l&rsquo;hospitalisation de son guitariste"},"content":{"rendered":"<p>Ce mercredi 17 d\u00e9cembre, Amir a \u00e9t\u00e9 contrait d&rsquo;annuler son concert \u00e0 Grenoble \u00e0 la derni\u00e8re minute. Le chanteur s&rsquo;est exprim\u00e9 aupr\u00e8s de ses fans et s&rsquo;est excus\u00e9.<\/p>\n<p>Un artiste exemplaire. Avant de d\u00e9barquer sur TF1 dans <a href=\"https:\/\/www.programme-tv.net\/news\/series-tv\/393754-la-belle-et-le-boulanger-tf1-diffuse-les-premieres-images-de-sa-nouvelle-serie-avec-amir\/\" data-api-deeplink=\"teleloisirs:\/\/news\/393754\" target=\"_blank\" rel=\"noopener\">la s\u00e9rie La Belle et le Boulanger<\/a>, Amir a lanc\u00e9 une nouvelle tourn\u00e9e en octobre dernier. <a href=\"https:\/\/www.programme-tv.net\/news\/musique\/83428-amir-sans-the-voice-je-serais-encore-en-train-de-soigner-des-caries-video\/\" data-api-deeplink=\"teleloisirs:\/\/news\/83428\" target=\"_blank\" rel=\"noopener\">Le chanteur r\u00e9v\u00e9l\u00e9 dans The Voice<\/a> se produira dans plus de trente salles jusqu&rsquo;au 20 d\u00e9cembre prochain, date \u00e0 laquelle il cl\u00f4turera le C tour \u00e0 Gen\u00e8ve. \u00ab\u00a0Je suis comme un ouf \u00e0 l&rsquo;heure o\u00f9 je vous \u00e9cris \u00e7a, parce que ce sera le plus beau show de ma vie entour\u00e9 d&rsquo;une \u00e9quipe de feu et que mon impatience se mesure en tonnes\u00a0\u00bb, avait-il confi\u00e9 \u00e0 l&rsquo;annonce de son retour sur sc\u00e8ne. Malheureusement, <b>l&rsquo;artiste a \u00e9t\u00e9 contraint d&rsquo;annuler sa venue \u00e0 Grenoble ce mercredi 17 d\u00e9cembre<\/b>. \u00ab\u00a0C&rsquo;est avec le c\u0153ur lourd que je dois vous annoncer que le concert pr\u00e9vu ce soir \u00e0 Grenoble est annul\u00e9. Notre guitariste Edouard a rencontr\u00e9 un souci de sant\u00e9 et sur avis m\u00e9dical de l&rsquo;h\u00f4pital de Grenoble, il lui est impossible de monter sur sc\u00e8ne\u00a0\u00bb, a-t-il annonc\u00e9 sur Instagram.<\/p>\n<p>Alors qu&rsquo;il devait se produire sur la sc\u00e8ne du Summum de Grenoble, le chanteur de 41 ans n&rsquo;a pas eu d&rsquo;autre choix que d&rsquo;annuler son concert \u00e0 la derni\u00e8re minute. \u00ab\u00a0La d\u00e9cision est difficile mais n\u00e9cessaire. La sant\u00e9 passe avant tout, et chacun des musiciens est indispensable pour assurer le show\u00a0\u00bb, a-t-il regrett\u00e9. Dans une vid\u00e9o publi\u00e9e sur les r\u00e9seaux sociaux, <a href=\"https:\/\/www.programme-tv.net\/news\/people\/378193-je-nai-pas-envie-detre-comme-ca-avec-mes-gosses-amir-se-confie-sur-son-pere-et-sur-l-education-qu-il-souhaite-donner-a-ses-enfants\/\" data-api-deeplink=\"teleloisirs:\/\/news\/378193\" target=\"_blank\" rel=\"noopener\">le papa de trois enfants<\/a> a expliqu\u00e9 la situation aux spectateurs. \u00ab\u00a0Notre Edouard ne se sent pas tr\u00e8s bien.<b> Il est actuellement aux urgences <\/b>et [&#8230;] les m\u00e9decins lui interdisent formellement de faire ce concert car il y a un risque r\u00e9el pour sa sant\u00e9 et ils ont besoin de s&rsquo;occuper de lui en esp\u00e9rant le remettre sur pied pour que demain \u00e0 Lyon il puisse \u00eatre l\u00e0\u00a0\u00bb, a rapport\u00e9 Amir avant d&rsquo;annoncer le remboursement des places de concert : \u00ab\u00a0\u00c9videmment, vos places vous sont rembours\u00e9es. En ce qui nous concerne, on est tr\u00e8s tristes de devoir annuler ce concert. Tous les musiciens sont importants, il y en a quatre, il y en a un par poste, un par instrument, ce qui veut dire que quand il en manque un, le show n&rsquo;est pas du tout le m\u00eame et on ne sait m\u00eame pas faire.\u00a0\u00bb<\/p>\n<p>            Amir fait une belle surprise \u00e0 ses fans apr\u00e8s l&rsquo;annulation de son concert \u00e0 Grenoble<\/p>\n<p>Pour s&rsquo;excuser, Amir a r\u00e9serv\u00e9 une belle surprise \u00e0 ses fans pr\u00e9sents \u00e0 Grenoble. \u00ab\u00a0Je reviendrai dans quelques minutes, vous proposer une s\u00e9ance de d\u00e9dicaces improvis\u00e9e pour que vous puissiez tous prendre des photos si \u00e7a vous int\u00e9resse, signer des CD, vos places ou quoi que ce soit\u00a0\u00bb, a-t-il r\u00e9v\u00e9l\u00e9 avant de promettre : \u00ab\u00a0Je reviendrai aussi avec une guitare pour vous faire une petite chanson.\u00a0\u00bb Une parole qu&rsquo;il a tenue comme en t\u00e9moigne une seconde vid\u00e9o partag\u00e9e sur son compte Instagram.<\/p>\n<blockquote class=\"instagram-media\" data-instgrm-captioned=\"\" data-instgrm-permalink=\"https:\/\/www.instagram.com\/reel\/DSYA5bxCMQA\/?utm_source=ig_embed&amp;utm_campaign=loading\" data-instgrm-version=\"14\" style=\" background:#FFF; border:0; border-radius:3px; box-shadow:0 0 1px 0 rgba(0,0,0,0.5),0 1px 10px 0 rgba(0,0,0,0.15); margin: 1px; max-width:658px; min-width:326px; padding:0; width:99.375%; width:-webkit-calc(100% - 2px); width:calc(100% - 2px);\"\/>\n<blockquote class=\"instagram-media\" data-instgrm-captioned=\"\" data-instgrm-permalink=\"https:\/\/www.instagram.com\/reel\/DSYO_0qDhnQ\/?utm_source=ig_embed&amp;utm_campaign=loading\" data-instgrm-version=\"14\" style=\" background:#FFF; border:0; border-radius:3px; box-shadow:0 0 1px 0 rgba(0,0,0,0.5),0 1px 10px 0 rgba(0,0,0,0.15); margin: 1px; max-width:658px; min-width:326px; padding:0; width:99.375%; width:-webkit-calc(100% - 2px); width:calc(100% - 2px);\"\/>\n<p>        <script async src=\"\/\/www.instagram.com\/embed.js\"><\/script><\/p>\n","protected":false},"excerpt":{"rendered":"Ce mercredi 17 d\u00e9cembre, Amir a \u00e9t\u00e9 contrait d&rsquo;annuler son concert \u00e0 Grenoble \u00e0 la derni\u00e8re minute. Le&hellip;\n","protected":false},"author":2,"featured_media":606184,"comment_status":"","ping_status":"","sticky":false,"template":"","format":"standard","meta":{"footnotes":""},"categories":[9566],"tags":[1111,11,68491,2430,244,1697,1777,674,1011,27,2731,12,25],"class_list":{"0":"post-606183","1":"post","2":"type-post","3":"status-publish","4":"format-standard","5":"has-post-thumbnail","7":"category-grenoble","8":"tag-actu","9":"tag-actualites","10":"tag-amir-haddad","11":"tag-auvergne-rhone-alpes","12":"tag-commentaire","13":"tag-concert","14":"tag-eu","15":"tag-europe","16":"tag-fr","17":"tag-france","18":"tag-grenoble","19":"tag-news","20":"tag-republique-francaise"},"share_on_mastodon":{"url":"https:\/\/pubeurope.com\/@fr\/115737294464455395","error":""},"_links":{"self":[{"href":"https:\/\/www.europesays.com\/fr\/wp-json\/wp\/v2\/posts\/606183","targetHints":{"allow":["GET"]}}],"collection":[{"href":"https:\/\/www.europesays.com\/fr\/wp-json\/wp\/v2\/posts"}],"about":[{"href":"https:\/\/www.europesays.com\/fr\/wp-json\/wp\/v2\/types\/post"}],"author":[{"embeddable":true,"href":"https:\/\/www.europesays.com\/fr\/wp-json\/wp\/v2\/users\/2"}],"replies":[{"embeddable":true,"href":"https:\/\/www.europesays.com\/fr\/wp-json\/wp\/v2\/comments?post=606183"}],"version-history":[{"count":0,"href":"https:\/\/www.europesays.com\/fr\/wp-json\/wp\/v2\/posts\/606183\/revisions"}],"wp:featuredmedia":[{"embeddable":true,"href":"https:\/\/www.europesays.com\/fr\/wp-json\/wp\/v2\/media\/606184"}],"wp:attachment":[{"href":"https:\/\/www.europesays.com\/fr\/wp-json\/wp\/v2\/media?parent=606183"}],"wp:term":[{"taxonomy":"category","embeddable":true,"href":"https:\/\/www.europesays.com\/fr\/wp-json\/wp\/v2\/categories?post=606183"},{"taxonomy":"post_tag","embeddable":true,"href":"https:\/\/www.europesays.com\/fr\/wp-json\/wp\/v2\/tags?post=606183"}],"curies":[{"name":"wp","href":"https:\/\/api.w.org\/{rel}","templated":true}]}}