{"id":606188,"date":"2025-12-17T22:37:27","date_gmt":"2025-12-17T22:37:27","guid":{"rendered":"https:\/\/www.europesays.com\/fr\/606188\/"},"modified":"2025-12-17T22:37:27","modified_gmt":"2025-12-17T22:37:27","slug":"strasbourg-dans-son-nouveau-livre-lenseignante-nathalie-bittinger-se-plonge-dans-la-tete-du-cineaste-david-lynch","status":"publish","type":"post","link":"https:\/\/www.europesays.com\/fr\/606188\/","title":{"rendered":"Strasbourg. Dans son nouveau livre, l&rsquo;enseignante Nathalie Bittinger se plonge dans la t\u00eate du cin\u00e9aste David Lynch"},"content":{"rendered":"<p>L\u2019ex\u00e9g\u00e8se de l\u2019\u0153uvre cin\u00e9matographique, picturale et photographique de David Lynch est infinie. \u00c0 \u00e9galit\u00e9 avec Stanley Kubrick, c\u2019est le cin\u00e9aste le plus fantasm\u00e9 de l\u2019histoire du cin\u00e9ma.<\/p>\n<p><a href=\"https:\/\/www.lalsace.fr\/culture-loisirs\/2025\/01\/16\/le-realisateur-americain-david-lynch-est-mort-a-78-ans\" target=\"_blank\" rel=\"noopener\">Disparu cette ann\u00e9e<\/a> , Lynch nous a laiss\u00e9 un monde dot\u00e9 d\u2019une dimension visionnaire et \u00e9minemment politique. Qui r\u00e9sonne fortement avec les temps troubles que nous vivons.<\/p>\n<p>  \u00ab\u00a0Je ne suis pas un intellectuel\u00a0\u00bb<\/p>\n<p>L\u2019universitaire strasbourgeoise, <a href=\"https:\/\/www.lalsace.fr\/culture-loisirs\/2024\/11\/16\/nathalie-bittinger-fait-l-inventaire-de-john-carpenter-realisateur-de-films-culte\" target=\"_blank\" rel=\"noopener\">Nathalie Bittinger,<\/a> sp\u00e9cialiste des cin\u00e9matographies asiatique et am\u00e9ricaine, alimente la r\u00e9flexion en lui redonnant la parole \u00e0 partir de ses citations et propos.<\/p>\n<p>Dans son r\u00e9cent livre, elle se glisse ainsi dans la t\u00eate de l\u2019artiste avec la recommandation tout lynchienne <a href=\"https:\/\/www.gallimard.fr\/catalogue\/gardez-l-oeil-sur-le-donut-pas-sur-le-trou\/9782073122421\" target=\"_blank\" rel=\"noopener\">Gardez l\u2019\u0153il sur le donut pas sur le trou\u00a0! <\/a><a href=\"https:\/\/www.gallimard.fr\/catalogue\/gardez-l-oeil-sur-le-donut-pas-sur-le-trou\/9782073122421\" target=\"_blank\" rel=\"noopener\">(\u00e9d. Ho\u00ebbeke, 176 pages, 28\u00a0\u20ac<\/a> ). \u00ab\u00a0Le titre est une boutade qu\u2019il aimait \u00e0 r\u00e9p\u00e9ter et que sa famille a choisie en \u00e9pitaphe sur Facebook pour annoncer son d\u00e9c\u00e8s en janvier dernier, rapporte Nathalie Bittinger. Car il s\u2019agissait \u00e9galement pour moi de lui rendre hommage et de permettre aux lecteurs de r\u00e9entendre sa voix.\u00a0\u00bb<\/p>\n<p>L\u2019ind\u00e9fectible humour de David Lynch et ses propos structurent le livre qui retrace sa biographie et parcourt ses \u0153uvres de mani\u00e8re chronologique. Ce qui rend ces quelque 176 pages d\u00e9cal\u00e9es et tr\u00e8s \u00e9clairantes.<\/p>\n<p>\u00ab\u00a0Je ne suis pas un intellectuel.\u00a0\u00bb David Lynch a toujours march\u00e9 \u00e0 l\u2019intuition, fid\u00e8le aux r\u00eaves qui peuplaient son univers. Depuis son enfance dans le nord-ouest am\u00e9ricain jusqu\u2019aux lumi\u00e8res de Los Angeles, le cin\u00e9aste est rest\u00e9 un artisan de l\u2019image.<\/p>\n<p>  Exploration de la condition humaine<\/p>\n<p>Gamin originaire de Missoula dans le Montana, Lynch consid\u00e9rait que \u00ab\u00a0la vie est un montage \u00e9lectrique\u00a0\u00bb. Sa spirale cin\u00e9matographique tourne en boucle, pleine de leitmotivs obsessionnels, li\u00e9s au feu, \u00e0 l\u2019\u00e9lectricit\u00e9, aux trous noirs, aux explosions, aux rideaux et sc\u00e8nes de th\u00e9\u00e2tre. \u00ab L\u2019exploration de sa filmographie ouvre toujours de nouvelles portes pour explorer les mille facettes de la condition humaine\u00a0\u00bb, observe l\u2019universitaire.<\/p>\n<p>\u00ab\u00a0Aller en chair et en os dans certains endroits est trop effrayant, on ne peut s\u2019y rendre qu\u2019\u00e0 travers les films \u00bb, affirmait David Lynch. CQFD.<\/p>\n<p class=\"note\">Gardez l\u2019\u0153il sur le donut pas sur le trou\u00a0!,  de Nathalie Bittinger, \u00e9d. Ho\u00ebbeke, 176 pages, 28\u00a0\u20ac.<\/p>\n","protected":false},"excerpt":{"rendered":"L\u2019ex\u00e9g\u00e8se de l\u2019\u0153uvre cin\u00e9matographique, picturale et photographique de David Lynch est infinie. \u00c0 \u00e9galit\u00e9 avec Stanley Kubrick, c\u2019est&hellip;\n","protected":false},"author":2,"featured_media":606189,"comment_status":"","ping_status":"","sticky":false,"template":"","format":"standard","meta":{"footnotes":""},"categories":[2820],"tags":[1111,11,2389,1687,1777,674,107,1011,27,775,2410,12,25,640],"class_list":{"0":"post-606188","1":"post","2":"type-post","3":"status-publish","4":"format-standard","5":"has-post-thumbnail","7":"category-strasbourg","8":"tag-actu","9":"tag-actualites","10":"tag-alsace","11":"tag-culture-loisirs","12":"tag-eu","13":"tag-europe","14":"tag-fil-info","15":"tag-fr","16":"tag-france","17":"tag-grand-est","18":"tag-livres-bd","19":"tag-news","20":"tag-republique-francaise","21":"tag-strasbourg"},"share_on_mastodon":{"url":"https:\/\/pubeurope.com\/@fr\/115737306471108675","error":""},"_links":{"self":[{"href":"https:\/\/www.europesays.com\/fr\/wp-json\/wp\/v2\/posts\/606188","targetHints":{"allow":["GET"]}}],"collection":[{"href":"https:\/\/www.europesays.com\/fr\/wp-json\/wp\/v2\/posts"}],"about":[{"href":"https:\/\/www.europesays.com\/fr\/wp-json\/wp\/v2\/types\/post"}],"author":[{"embeddable":true,"href":"https:\/\/www.europesays.com\/fr\/wp-json\/wp\/v2\/users\/2"}],"replies":[{"embeddable":true,"href":"https:\/\/www.europesays.com\/fr\/wp-json\/wp\/v2\/comments?post=606188"}],"version-history":[{"count":0,"href":"https:\/\/www.europesays.com\/fr\/wp-json\/wp\/v2\/posts\/606188\/revisions"}],"wp:featuredmedia":[{"embeddable":true,"href":"https:\/\/www.europesays.com\/fr\/wp-json\/wp\/v2\/media\/606189"}],"wp:attachment":[{"href":"https:\/\/www.europesays.com\/fr\/wp-json\/wp\/v2\/media?parent=606188"}],"wp:term":[{"taxonomy":"category","embeddable":true,"href":"https:\/\/www.europesays.com\/fr\/wp-json\/wp\/v2\/categories?post=606188"},{"taxonomy":"post_tag","embeddable":true,"href":"https:\/\/www.europesays.com\/fr\/wp-json\/wp\/v2\/tags?post=606188"}],"curies":[{"name":"wp","href":"https:\/\/api.w.org\/{rel}","templated":true}]}}