{"id":606193,"date":"2025-12-17T22:40:18","date_gmt":"2025-12-17T22:40:18","guid":{"rendered":"https:\/\/www.europesays.com\/fr\/606193\/"},"modified":"2025-12-17T22:40:18","modified_gmt":"2025-12-17T22:40:18","slug":"a-nice-des-sapins-de-noel-pour-les-victimes-de-lattentat-du-14-juillet-2016","status":"publish","type":"post","link":"https:\/\/www.europesays.com\/fr\/606193\/","title":{"rendered":"\u00c0 Nice, des sapins de No\u00ebl pour les victimes de l\u2019attentat du 14\u00a0juillet 2016"},"content":{"rendered":"<p class=\"fs-5 \">Belle \u00e9bullition, ce mercredi 17 d\u00e9cembre 2025, sur le front de mer, face au palais de la M\u00e9diterran\u00e9e.<\/p>\n<p class=\"fs-5 \">Le sapin de l\u2019association Une voie des enfants a pris racine pr\u00e8s de l\u2019Ange de la Baie, la sculpture de Jean-Marie Fondacaro.<\/p>\n<p class=\"fs-5 \">L\u00e0, o\u00f9 le camion a arr\u00eat\u00e9 sa course folle le soir du 14 juillet 2016 apr\u00e8s avoir roul\u00e9 sur la vie de 86 martyrs, bless\u00e9 \u00e0 jamais des centaines d\u2019innocents.<\/p>\n<p class=\"fs-5 \">Chaque ann\u00e9e, depuis 2022, Hager Ben Aouissi, pr\u00e9sidente de cette association venant en aide aux enfants qui ont surv\u00e9cu \u00e0 l\u2019horreur, plante ce sapin.<\/p>\n<p class=\"fs-5 \">Une \u0153uvre collective dans la mesure o\u00f9 des jeunes, r\u00e9partis en ateliers \u00e0 ciel ouvert, viennent d\u00e9corer des boules de polystyr\u00e8ne, r\u00e9aliser des dessins, tresser des guirlandes destin\u00e9s \u00e0 parer les branches du conif\u00e8re, pr\u00e9sent jusqu\u2019au 3 janvier 2026.<\/p>\n<p class=\"fs-5 \">L\u2019objectif ? Rendre hommage \u00e0 celles et ceux qui ont laiss\u00e9 leur vie et leur enthousiasme ce soir de feu d\u2019artifice, mais pas uniquement.<\/p>\n<p class=\"fs-5 \">L\u2019autre but, en effet, est de \u00ab parvenir \u00e0 se recr\u00e9er un souvenir \u00e0 cet endroit, gr\u00e2ce \u00e0 un travail, lui-m\u00eame destin\u00e9 \u00e0 recr\u00e9er d\u2019autres images pour se r\u00e9approprier diff\u00e9remment ce lieu \u00bb, explique Hager.<\/p>\n<p>                                                                                <strong>Croire en un avenir meilleur<\/strong><\/p>\n<p class=\"fs-5 \">Le soir de l\u2019attentat, la jeune femme \u00e9tait sur la promenade des Anglais avec sa fille de 4 ans, sa s\u0153ur, sa ni\u00e8ce et ses parents. Les blessures, physiques autant que morales, subies par la famille, sont encore \u00e0 vif.<\/p>\n<p class=\"fs-5 \">Mais il faut aller de l\u2019avant : \u00ab Aujourd\u2019hui, on voit des enfants qui d\u00e9corent des boules et un sapin. En r\u00e9alit\u00e9, ils d\u00e9corent tout un espoir d\u2019un avenir meilleur \u00bb, se r\u00e9jouit la pr\u00e9sidente.<\/p>\n<p class=\"fs-5 \">\u00c0 quelques m\u00e8tres de l\u2019arbre, un second sapin dresse ses branches vertes et par\u00e9es vers le ciel. C\u2019est le sapin d\u2019une autre association, Promenade des Anges.<\/p>\n<p class=\"fs-5 \">Ses deux pr\u00e9sidents, Alain Dariste et St\u00e9phane Erbs, l\u2019ont install\u00e9 samedi, face \u00e0 la mer, comme ils le font chaque ann\u00e9e.<\/p>\n","protected":false},"excerpt":{"rendered":"Belle \u00e9bullition, ce mercredi 17 d\u00e9cembre 2025, sur le front de mer, face au palais de la M\u00e9diterran\u00e9e.&hellip;\n","protected":false},"author":2,"featured_media":606194,"comment_status":"","ping_status":"","sticky":false,"template":"","format":"standard","meta":{"footnotes":""},"categories":[2819],"tags":[1111,11,54661,1777,674,1011,27,12,2401,882,25],"class_list":{"0":"post-606193","1":"post","2":"type-post","3":"status-publish","4":"format-standard","5":"has-post-thumbnail","7":"category-nice","8":"tag-actu","9":"tag-actualites","10":"tag-attentatnice","11":"tag-eu","12":"tag-europe","13":"tag-fr","14":"tag-france","15":"tag-news","16":"tag-nice","17":"tag-provence-alpes-cote-dazur","18":"tag-republique-francaise"},"share_on_mastodon":{"url":"https:\/\/pubeurope.com\/@fr\/115737318154575861","error":""},"_links":{"self":[{"href":"https:\/\/www.europesays.com\/fr\/wp-json\/wp\/v2\/posts\/606193","targetHints":{"allow":["GET"]}}],"collection":[{"href":"https:\/\/www.europesays.com\/fr\/wp-json\/wp\/v2\/posts"}],"about":[{"href":"https:\/\/www.europesays.com\/fr\/wp-json\/wp\/v2\/types\/post"}],"author":[{"embeddable":true,"href":"https:\/\/www.europesays.com\/fr\/wp-json\/wp\/v2\/users\/2"}],"replies":[{"embeddable":true,"href":"https:\/\/www.europesays.com\/fr\/wp-json\/wp\/v2\/comments?post=606193"}],"version-history":[{"count":0,"href":"https:\/\/www.europesays.com\/fr\/wp-json\/wp\/v2\/posts\/606193\/revisions"}],"wp:featuredmedia":[{"embeddable":true,"href":"https:\/\/www.europesays.com\/fr\/wp-json\/wp\/v2\/media\/606194"}],"wp:attachment":[{"href":"https:\/\/www.europesays.com\/fr\/wp-json\/wp\/v2\/media?parent=606193"}],"wp:term":[{"taxonomy":"category","embeddable":true,"href":"https:\/\/www.europesays.com\/fr\/wp-json\/wp\/v2\/categories?post=606193"},{"taxonomy":"post_tag","embeddable":true,"href":"https:\/\/www.europesays.com\/fr\/wp-json\/wp\/v2\/tags?post=606193"}],"curies":[{"name":"wp","href":"https:\/\/api.w.org\/{rel}","templated":true}]}}