{"id":606195,"date":"2025-12-17T22:41:21","date_gmt":"2025-12-17T22:41:21","guid":{"rendered":"https:\/\/www.europesays.com\/fr\/606195\/"},"modified":"2025-12-17T22:41:21","modified_gmt":"2025-12-17T22:41:21","slug":"cette-immense-star-mondiale-donnera-un-concert-unique-a-nantes-en-2026","status":"publish","type":"post","link":"https:\/\/www.europesays.com\/fr\/606195\/","title":{"rendered":"Cette immense star mondiale donnera un concert unique \u00e0 Nantes en 2026"},"content":{"rendered":"<p>Une superstar plan\u00e9taire en escale \u00e0 Nantes&#13;<\/p>\n<p>Depuis le d\u00e9but des ann\u00e9es 2000, Sean Paul est tout simplement incontournable. Son flow reconnaissable entre mille, ses productions solaires et son \u00e9nergie d\u00e9bordante ont travers\u00e9 les g\u00e9n\u00e9rations et les fronti\u00e8res. \u00ab\u00a0Get Busy\u00a0\u00bb, \u00ab\u00a0Gimme the Light\u00a0\u00bb, \u00ab\u00a0Temperature\u00a0\u00bb, \u00ab\u00a0She Doesn\u2019t Mind\u00a0\u00bb, \u00ab\u00a0No Lie\u00a0\u00bb\u2026 difficile de citer un autre artiste dont autant de titres ont marqu\u00e9 \u00e0 ce point les pistes de danse du monde entier. Avec plus de deux d\u00e9cennies de carri\u00e8re, des milliards de streams et une influence immense sur la sc\u00e8ne musicale internationale, Sean Paul n\u2019est pas seulement un artiste, c\u2019est une ic\u00f4ne\u00a0! Collaborateur de stars mondiales comme Beyonc\u00e9, Rihanna, Dua Lipa, Sia ou encore Clean Bandit, il a su faire \u00e9voluer la dancehall en la m\u00ealant \u00e0 la pop, au hip-hop et \u00e0 l\u2019\u00e9lectro, tout en restant fid\u00e8le \u00e0 ses racines jama\u00efcaines.<\/p>\n<p>&#13;<br \/>\nLa tourn\u00e9e \u00ab\u00a0Rise Jamaica\u00a0\u00bb passe par Nantes&#13;<\/p>\n<p>En 2026, Sean Paul revient sur le devant de la sc\u00e8ne avec sa tourn\u00e9e \u00ab\u00a0Rise Jamaica\u00a0\u00bb, un hommage vibrant \u00e0 ses origines et \u00e0 la culture dancehall. <strong>La France aura droit \u00e0 seulement trois dates, et Nantes fait partie des villes privil\u00e9gi\u00e9es.<\/strong> Une occasion rare de voir l\u2019artiste dans une salle \u00e0 taille humaine compar\u00e9e aux immenses festivals o\u00f9 il se produit habituellement. Le Z\u00e9nith de Nantes promet une ambiance survolt\u00e9e, entre classiques intemporels et morceaux plus r\u00e9cents. Un concert qui s\u2019annonce comme un v\u00e9ritable voyage musical.<\/p>\n<p>&#13;<\/p>\n<blockquote class=\"instagram-media\" data-instgrm-permalink=\"https:\/\/www.instagram.com\/p\/DSVPw2kjX28\/?utm_source=ig_embed&amp;utm_campaign=loading\" data-instgrm-version=\"14\" style=\"background: #FFF; border: 0; border-radius: 3px; box-shadow: 0 0 1px 0 rgba(0,0,0,0.5),0 1px 10px 0 rgba(0,0,0,0.15); margin: 1px; max-width: 540px; min-width: 326px; padding: 0; width: calc(100% - 2px);\"><p>&#13;<br \/>\n&#13;\n<\/p><\/blockquote>\n<p>&#13;<br \/>\n&#13;<br \/>\nUn \u00e9v\u00e9nement d\u00e9j\u00e0 tr\u00e8s attendu&#13;<\/p>\n<p>Sans surprise, l\u2019annonce a d\u00e9j\u00e0 mis les fans en alerte. La billetterie ouvre ce vendredi 19 d\u00e9cembre, et les places risquent de partir tr\u00e8s vite. <strong>Les tarifs s\u2019\u00e9chelonnent de 54,80\u20ac \u00e0 73,50\u20ac, selon que l\u2019on choisisse une place debout ou assise num\u00e9rot\u00e9e. <\/strong>Un investissement largement justifi\u00e9 pour un artiste de cette envergure, dont les concerts laissent g\u00e9n\u00e9ralement des souvenirs m\u00e9morables.<\/p>\n<p>&#13;<\/p>\n<p><a href=\"https:\/\/www.zenith-nantesmetropole.com\/program\" rel=\"nofollow noopener noreferrer\" target=\"_blank\">Plus d\u2019infos<\/a><\/p>\n<p><script async src=\"\/\/www.instagram.com\/embed.js\"><\/script><\/p>\n","protected":false},"excerpt":{"rendered":"Une superstar plan\u00e9taire en escale \u00e0 Nantes&#13; Depuis le d\u00e9but des ann\u00e9es 2000, Sean Paul est tout simplement&hellip;\n","protected":false},"author":2,"featured_media":606196,"comment_status":"","ping_status":"","sticky":false,"template":"","format":"standard","meta":{"footnotes":""},"categories":[2818],"tags":[1111,11,1777,674,1011,27,766,12,2636,25],"class_list":{"0":"post-606195","1":"post","2":"type-post","3":"status-publish","4":"format-standard","5":"has-post-thumbnail","7":"category-nantes","8":"tag-actu","9":"tag-actualites","10":"tag-eu","11":"tag-europe","12":"tag-fr","13":"tag-france","14":"tag-nantes","15":"tag-news","16":"tag-pays-de-la-loire","17":"tag-republique-francaise"},"share_on_mastodon":{"url":"https:\/\/pubeurope.com\/@fr\/115737322138153843","error":""},"_links":{"self":[{"href":"https:\/\/www.europesays.com\/fr\/wp-json\/wp\/v2\/posts\/606195","targetHints":{"allow":["GET"]}}],"collection":[{"href":"https:\/\/www.europesays.com\/fr\/wp-json\/wp\/v2\/posts"}],"about":[{"href":"https:\/\/www.europesays.com\/fr\/wp-json\/wp\/v2\/types\/post"}],"author":[{"embeddable":true,"href":"https:\/\/www.europesays.com\/fr\/wp-json\/wp\/v2\/users\/2"}],"replies":[{"embeddable":true,"href":"https:\/\/www.europesays.com\/fr\/wp-json\/wp\/v2\/comments?post=606195"}],"version-history":[{"count":0,"href":"https:\/\/www.europesays.com\/fr\/wp-json\/wp\/v2\/posts\/606195\/revisions"}],"wp:featuredmedia":[{"embeddable":true,"href":"https:\/\/www.europesays.com\/fr\/wp-json\/wp\/v2\/media\/606196"}],"wp:attachment":[{"href":"https:\/\/www.europesays.com\/fr\/wp-json\/wp\/v2\/media?parent=606195"}],"wp:term":[{"taxonomy":"category","embeddable":true,"href":"https:\/\/www.europesays.com\/fr\/wp-json\/wp\/v2\/categories?post=606195"},{"taxonomy":"post_tag","embeddable":true,"href":"https:\/\/www.europesays.com\/fr\/wp-json\/wp\/v2\/tags?post=606195"}],"curies":[{"name":"wp","href":"https:\/\/api.w.org\/{rel}","templated":true}]}}