{"id":606197,"date":"2025-12-17T22:42:14","date_gmt":"2025-12-17T22:42:14","guid":{"rendered":"https:\/\/www.europesays.com\/fr\/606197\/"},"modified":"2025-12-17T22:42:14","modified_gmt":"2025-12-17T22:42:14","slug":"nantes-doit-vendre-son-meilleur-joueur-pour-se-sauver","status":"publish","type":"post","link":"https:\/\/www.europesays.com\/fr\/606197\/","title":{"rendered":"Nantes doit vendre son meilleur joueur pour se sauver"},"content":{"rendered":"<p><b>Pr\u00eat \u00e0 se renforcer en janvier, le FC Nantes devra peut-\u00eatre sacrifier Matthis Abline. C\u2019est en tout cas le conseil donn\u00e9 par Pierre M\u00e9n\u00e8s, persuad\u00e9 que la vente de l\u2019attaquant fran\u00e7ais peut aider les Canaris \u00e0 investir sur plusieurs renforts de qualit\u00e9.<\/b><\/p>\n<p>La situation du <a href=\"https:\/\/www.foot01.com\/equipe\/nantes\/\" target=\"_blank\" rel=\"noopener\">FC Nantes<\/a> n\u2019incite pas \u00e0 l\u2019optimisme. Seulement 17es apr\u00e8s 16 journ\u00e9es de Ligue 1, \u00e0 \u00e9galit\u00e9 de points avec la lanterne rouge Metz, les Canaris n&rsquo;ont remport\u00e9 aucun de leurs sept derniers matchs. La s\u00e9rie inqui\u00e8te en interne, \u00e0 tel point que certains joueurs voudraient partir cet hiver. L\u2019Equipe ne r\u00e9v\u00e9lait pas leur identit\u00e9 en d\u00e9but de semaine mais ces envies d\u2019ailleurs pourraient bien concerner Matthis Abline.<\/p>\n<p>Rappelons que l\u2019attaquant nantais avait tent\u00e9 de forcer son d\u00e9part au Paris FC cet \u00e9t\u00e9. L\u2019ancien joueur du Stade Rennais avait finalement \u00e9t\u00e9 retenu par son pr\u00e9sident qui r\u00e9clamait 50 millions d\u2019euros pour son transfert. Quelques mois plus tard, Waldemar Kita a peut-\u00eatre int\u00e9r\u00eat \u00e0 laisser filer son buteur, conseille Pierre M\u00e9n\u00e8s. \u00ab Matthis Abline a 20 buts par saison dans les pieds mais il ne le fera jamais en restant \u00e0 Nantes, a pr\u00e9venu le journaliste sur cha\u00eene YouTube. \u00c7a m&rsquo;a frapp\u00e9 contre Lens (1-2) o\u00f9 Abline \u00e9tait vraiment en tr\u00e8s bonne forme et o\u00f9 il \u00e9tait seul contre tous. \u00bb<\/p>\n<p>\u00ab Le probl\u00e8me d&rsquo;\u00eatre si seul, c&rsquo;est que \u00e7a l&rsquo;oblige presque \u00e0 \u00ab\u00a0sur-individualiser\u00a0\u00bb son jeu et \u00e0 toujours tenter le coup dur tout seul. \u00c7a, c&rsquo;est probl\u00e9matique, a soulign\u00e9 l\u2019observateur. Quel club pourrait se le payer en janvier ? Il y a des clubs qui pourraient se le payer en janvier. Ou alors Waldemar Kita d\u00e9cide de le transf\u00e9rer \u00e0 25 millions d&rsquo;euros et de prendre quatre joueurs \u00e0 cinq millions d&rsquo;euros \u00e0 c\u00f4t\u00e9. \u00c7a peut \u00eatre une solution pour le FC Nantes qui a besoin de renforts mais qui n&rsquo;a peut-\u00eatre pas besoin d&rsquo;avoir un joueur aussi fort dans un collectif aussi faible. \u00bb Autrement dit, un d\u00e9part de Matthis Abline serait b\u00e9n\u00e9fique \u00e0 tout le monde.<\/p>\n","protected":false},"excerpt":{"rendered":"Pr\u00eat \u00e0 se renforcer en janvier, le FC Nantes devra peut-\u00eatre sacrifier Matthis Abline. C\u2019est en tout cas&hellip;\n","protected":false},"author":2,"featured_media":606198,"comment_status":"","ping_status":"","sticky":false,"template":"","format":"standard","meta":{"footnotes":""},"categories":[2818],"tags":[1111,11,1777,674,462,1011,27,1434,766,12,2636,25],"class_list":{"0":"post-606197","1":"post","2":"type-post","3":"status-publish","4":"format-standard","5":"has-post-thumbnail","7":"category-nantes","8":"tag-actu","9":"tag-actualites","10":"tag-eu","11":"tag-europe","12":"tag-fc-nantes","13":"tag-fr","14":"tag-france","15":"tag-mercato","16":"tag-nantes","17":"tag-news","18":"tag-pays-de-la-loire","19":"tag-republique-francaise"},"share_on_mastodon":{"url":"https:\/\/pubeurope.com\/@fr\/115737326074049195","error":""},"_links":{"self":[{"href":"https:\/\/www.europesays.com\/fr\/wp-json\/wp\/v2\/posts\/606197","targetHints":{"allow":["GET"]}}],"collection":[{"href":"https:\/\/www.europesays.com\/fr\/wp-json\/wp\/v2\/posts"}],"about":[{"href":"https:\/\/www.europesays.com\/fr\/wp-json\/wp\/v2\/types\/post"}],"author":[{"embeddable":true,"href":"https:\/\/www.europesays.com\/fr\/wp-json\/wp\/v2\/users\/2"}],"replies":[{"embeddable":true,"href":"https:\/\/www.europesays.com\/fr\/wp-json\/wp\/v2\/comments?post=606197"}],"version-history":[{"count":0,"href":"https:\/\/www.europesays.com\/fr\/wp-json\/wp\/v2\/posts\/606197\/revisions"}],"wp:featuredmedia":[{"embeddable":true,"href":"https:\/\/www.europesays.com\/fr\/wp-json\/wp\/v2\/media\/606198"}],"wp:attachment":[{"href":"https:\/\/www.europesays.com\/fr\/wp-json\/wp\/v2\/media?parent=606197"}],"wp:term":[{"taxonomy":"category","embeddable":true,"href":"https:\/\/www.europesays.com\/fr\/wp-json\/wp\/v2\/categories?post=606197"},{"taxonomy":"post_tag","embeddable":true,"href":"https:\/\/www.europesays.com\/fr\/wp-json\/wp\/v2\/tags?post=606197"}],"curies":[{"name":"wp","href":"https:\/\/api.w.org\/{rel}","templated":true}]}}