{"id":606203,"date":"2025-12-17T22:45:16","date_gmt":"2025-12-17T22:45:16","guid":{"rendered":"https:\/\/www.europesays.com\/fr\/606203\/"},"modified":"2025-12-17T22:45:16","modified_gmt":"2025-12-17T22:45:16","slug":"lobservatoire-etudiant-jocelyn-bell-inaugure-a-toulouse","status":"publish","type":"post","link":"https:\/\/www.europesays.com\/fr\/606203\/","title":{"rendered":"L\u2019Observatoire \u00e9tudiant Jocelyn Bell inaugur\u00e9 \u00e0 Toulouse"},"content":{"rendered":"<p>Le premier observatoire astronomique 100\u00a0% \u00e9tudiant de France a \u00e9t\u00e9 inaugur\u00e9 par l\u2019association \u00e9tudiante UPS in Space, l\u2019Universit\u00e9 de Toulouse, le Crous de Toulouse-Occitanie et la R\u00e9gion Occitanie, jeudi 11\u00a0d\u00e9cembre 2025, \u00e0 l\u2019Universit\u00e9 de Toulouse.<\/p>\n<p>L\u2019Observatoire Jocelyn Bell\u00a0[<a href=\"#nb1\" class=\"spip_note\" rel=\"appendix\" title=\"Dame Jocelyn Bell, est une astrophysicienne britannique notamment connue\u00a0(\u2026)\" id=\"nh1\">1<\/a>] de Toulouse (OJBT) a pour objectif \u00ab\u00a0d\u2019accueillir des activit\u00e9s de recherche des \u00e9tudiantes et \u00e9tudiants dans le cadre de leurs cursus, de programmes de collaboration professionnel-amateur\u00a0\u00bb, mais aussi \u00ab\u00a0de promouvoir la science et les \u00e9tudes scientifiques aupr\u00e8s des scolaires, des \u00e9tudiants et du grand public\u00a0\u00bb.<\/p>\n<p>Apr\u00e8s le lancement du projet en 2015, la coupole a \u00e9t\u00e9 pos\u00e9e en 2023 et la premi\u00e8re lumi\u00e8re du t\u00e9lescope principal a \u00e9t\u00e9 faite en novembre 2025. La mise en route de l\u2019observatoire est maintenant dans sa phase de finalisation. Bien que l\u2019association puisse d\u00e9j\u00e0 mener des projets d\u2019observation, elle esp\u00e8re avoir un observatoire totalement op\u00e9rationnel pour le premier trimestre 2026.<\/p>\n<p>Le projet a b\u00e9n\u00e9fici\u00e9 du soutien financier de l\u2019Universit\u00e9 de Toulouse (300.432 euros, dont 170.056 euros du fonds \u201cContribution \u00e0 la vie \u00e9tudiante et de campus\u201d), du Crous de Toulouse-Occitanie (33.745 euros) et de la R\u00e9gion Occitanie (24.000 euros). Monter un tel projet a demand\u00e9 aux b\u00e9n\u00e9voles de l\u2019association plus de 10.000 heures de travail au total.<\/p>\n<p>Notes<\/p>\n<p>[<a href=\"#nh1\" class=\"spip_note\" title=\"Notes 1\" rev=\"appendix\">1<\/a>]\u00a0Dame Jocelyn Bell, est une astrophysicienne britannique notamment connue pour la d\u00e9couverte du premier pulsar alors qu\u2019elle \u00e9tait encore \u00e9tudiante.<\/p>\n","protected":false},"excerpt":{"rendered":"Le premier observatoire astronomique 100\u00a0% \u00e9tudiant de France a \u00e9t\u00e9 inaugur\u00e9 par l\u2019association \u00e9tudiante UPS in Space, l\u2019Universit\u00e9&hellip;\n","protected":false},"author":2,"featured_media":373637,"comment_status":"","ping_status":"","sticky":false,"template":"","format":"standard","meta":{"footnotes":""},"categories":[2816],"tags":[1111,11,71766,58916,1777,674,1011,27,4074,12,2680,959,25,41,671,2312,54481],"class_list":{"0":"post-606203","1":"post","2":"type-post","3":"status-publish","4":"format-standard","5":"has-post-thumbnail","7":"category-toulouse","8":"tag-actu","9":"tag-actualites","10":"tag-crous-de-toulouse","11":"tag-egalite-professionnelle","12":"tag-eu","13":"tag-europe","14":"tag-fr","15":"tag-france","16":"tag-jeunes","17":"tag-news","18":"tag-occitanie","19":"tag-recherche","20":"tag-republique-francaise","21":"tag-sciences","22":"tag-spatial","23":"tag-toulouse","24":"tag-universite-de-toulouse"},"share_on_mastodon":{"url":"https:\/\/pubeurope.com\/@fr\/115737337840091281","error":""},"_links":{"self":[{"href":"https:\/\/www.europesays.com\/fr\/wp-json\/wp\/v2\/posts\/606203","targetHints":{"allow":["GET"]}}],"collection":[{"href":"https:\/\/www.europesays.com\/fr\/wp-json\/wp\/v2\/posts"}],"about":[{"href":"https:\/\/www.europesays.com\/fr\/wp-json\/wp\/v2\/types\/post"}],"author":[{"embeddable":true,"href":"https:\/\/www.europesays.com\/fr\/wp-json\/wp\/v2\/users\/2"}],"replies":[{"embeddable":true,"href":"https:\/\/www.europesays.com\/fr\/wp-json\/wp\/v2\/comments?post=606203"}],"version-history":[{"count":0,"href":"https:\/\/www.europesays.com\/fr\/wp-json\/wp\/v2\/posts\/606203\/revisions"}],"wp:featuredmedia":[{"embeddable":true,"href":"https:\/\/www.europesays.com\/fr\/wp-json\/wp\/v2\/media\/373637"}],"wp:attachment":[{"href":"https:\/\/www.europesays.com\/fr\/wp-json\/wp\/v2\/media?parent=606203"}],"wp:term":[{"taxonomy":"category","embeddable":true,"href":"https:\/\/www.europesays.com\/fr\/wp-json\/wp\/v2\/categories?post=606203"},{"taxonomy":"post_tag","embeddable":true,"href":"https:\/\/www.europesays.com\/fr\/wp-json\/wp\/v2\/tags?post=606203"}],"curies":[{"name":"wp","href":"https:\/\/api.w.org\/{rel}","templated":true}]}}