{"id":606208,"date":"2025-12-17T22:48:26","date_gmt":"2025-12-17T22:48:26","guid":{"rendered":"https:\/\/www.europesays.com\/fr\/606208\/"},"modified":"2025-12-17T22:48:26","modified_gmt":"2025-12-17T22:48:26","slug":"lille-lyon-decouvrez-les-villes-les-mieux-placees-pour-vivre-un-noel-blanc","status":"publish","type":"post","link":"https:\/\/www.europesays.com\/fr\/606208\/","title":{"rendered":"Lille, Lyon\u2026 d\u00e9couvrez les villes les mieux plac\u00e9es pour vivre un \u201cNo\u00ebl blanc\u201d"},"content":{"rendered":"<p>                             Par La R\u00e9daction<\/p>\n<p>                Le 17 d\u00e9cembre 2025 \u00e0 18h42<\/p>\n<p>                                    <img decoding=\"async\" src=\"https:\/\/www.europesays.com\/fr\/wp-content\/uploads\/2025\/12\/1d8198854e38ade44df815448ea0b62d8f1108259a16a468dee9f53bd06fb358.jpg\" alt=\"Le No\u00ebl 2025 des stars\u00a0: ce qu'il faut conna\u00eetre\" class=\"a11y-hidden\" fetchpriority=\"high\"\/><\/p>\n<p class=\"fig-standfirst\">\n    \u00c0 l\u2019approche des f\u00eates, alors que la France conna\u00eet d\u00e9j\u00e0 plusieurs \u00e9pisodes neigeux marqu\u00e9s, une m\u00eame question revient dans tous les foyers\u00a0: o\u00f9 a-t-on r\u00e9ellement des chances de voir la neige tomber le 25 d\u00e9cembre\u00a0? Une r\u00e9cente \u00e9tude europ\u00e9enne apporte des r\u00e9ponses\u2026 parfois inattendues.<\/p>\n<p class=\"fig-paragraph\">Alors que les chutes de neige se multiplient ces derni\u00e8res semaines sur le territoire,\u00a0<a href=\"https:\/\/www.gala.fr\/lifestyle\/pourquoi-l-esthetique-ralph-lauren-cartonne-pour-noel-2025-20251211\" target=\"_blank\" data-fig-type=\"Article\" rel=\"nofollow noopener\" data-gtm-custom-categorie=\"navigation\" data-gtm-custom-action=\"crossclick\" data-gtm-custom-label=\"Contextuel\" data-gtm-event=\"customEventSPE\" data-fig-domain=\"GALA\">l\u2019id\u00e9e d\u2019un No\u00ebl blanc fait r\u00eaver plus d\u2019un Fran\u00e7ais<\/a>. Mais avec le r\u00e9chauffement climatique, ces paysages immacul\u00e9s deviennent de plus en plus rares et impr\u00e9visibles. Pour y voir plus clair,\u00a0<a href=\"https:\/\/www.aladinia.fr\/\" target=\"_blank\" rel=\"nofollow noopener\" data-gtm-custom-categorie=\"navigation\" data-gtm-custom-action=\"crossclick\" data-gtm-custom-label=\"Contextuel\" data-gtm-event=\"customEventSPE\">Aladinia, sp\u00e9cialiste des \u00ab cadeaux-exp\u00e9riences\u00a0\u00bb<\/a>, a analys\u00e9 plus de vingt ans de donn\u00e9es m\u00e9t\u00e9orologiques (2000-2020) afin d\u2019identifier les villes europ\u00e9ennes o\u00f9 la neige \u00e0 No\u00ebl reste la plus probable. Sans surprise, aucune ville fran\u00e7aise ne figure dans le top 3 europ\u00e9en. Mais certaines tirent tout de m\u00eame leur \u00e9pingle du jeu.<\/p>\n<p class=\"fig-paragraph\">Lille se classe 46e\u00a0: avec 6 jours de neige par an en moyenne et 3 No\u00ebls blancs sur 20 ans, la capitale des Flandres affiche 14,29 % de chances d\u2019un No\u00ebl enneig\u00e9. Lyon, 49e, pr\u00e9sente un profil similaire avec 8,24 jours de neige par an et \u00e9galement 3 No\u00ebls blancs recens\u00e9s. Paris n\u2019arrive qu\u2019en 51e position\u00a0: la capitale n\u2019a connu qu\u2019un seul No\u00ebl blanc en vingt ans, malgr\u00e9 des chutes occasionnelles parfois spectaculaires. Plus au sud, Toulouse surprend avec deux No\u00ebls blancs, tandis que Marseille, Bordeaux et Nice ferment la marche fran\u00e7aise, avec des scores quasi symboliques autour de 1,6\/100, confirmant que la neige y reste exceptionnelle \u00e0 No\u00ebl.<\/p>\n<p>                                                                <a href=\"#slideshow-header\"><\/p>\n<p class=\"fig-slideshow__title\">\n                    PHOTOS &#8211; No\u00ebl 2025\u00a0: Luana Belmondo, \u00c9lodie Gossuin \u2026 Quels cadeaux ont demand\u00e9 les stars\u00a0?\n                <\/p>\n<p>    <\/a><br \/>\n                                                                <a class=\"fig-a11y-skip\" href=\"#fig-a11y-skip-main-inarticle\" data-module=\"a11y-skip\" data-context=\"was @visible\"><br \/>\n    Passer la publicit\u00e9<br \/>\n<\/a>            <\/p>\n<p>                                                                Au Liechtenstein, la ville la plus enneig\u00e9e \u00e0 No\u00ebl bat tous les records\u00a0!<\/p>\n<p class=\"fig-paragraph\">Ces villes partagent cette derni\u00e8re place avec plusieurs villes du sud de l\u2019Europe au climat m\u00e9diterran\u00e9en, parmi lesquelles Ath\u00e8nes, Naples, Rome, Barcelone, La Valette, Monaco, Lisbonne, Porto ou encore la Cit\u00e9 du Vatican, confirmant que ces r\u00e9gions restent structurellement peu propices \u00e0 la neige \u00e0 No\u00ebl. Le classement r\u00e9v\u00e8le surtout que la certitude d\u2019un No\u00ebl blanc se trouve ailleurs en Europe. Vaduz, capitale du Liechtenstein, d\u00e9croche la premi\u00e8re place avec un score de 98,60\/100 et\u2026 100 % de No\u00ebls blancs sur la p\u00e9riode \u00e9tudi\u00e9e. Minsk, en Bi\u00e9lorussie, suit avec 94,09\/100, gr\u00e2ce \u00e0 18 No\u00ebls enneig\u00e9s sur 21 ans. Sofia, en Bulgarie, compl\u00e8te le podium avec 91,95\/100, offrant un parfait \u00e9quilibre entre traditions hivernales et paysages montagneux.<\/p>\n<p class=\"fig-paragraph\">Un constat sans appel\u00a0: la magie d\u2019un No\u00ebl blanc reste tr\u00e8s in\u00e9galement r\u00e9partie en Europe, et la France devra encore compter sur un heureux concours de circonstances pour voir ses villes se transformer en cartes postales le 25 d\u00e9cembre.<\/p>\n","protected":false},"excerpt":{"rendered":"Par La R\u00e9daction Le 17 d\u00e9cembre 2025 \u00e0 18h42 \u00c0 l\u2019approche des f\u00eates, alors que la France conna\u00eet&hellip;\n","protected":false},"author":2,"featured_media":606209,"comment_status":"","ping_status":"","sticky":false,"template":"","format":"standard","meta":{"footnotes":""},"categories":[2815],"tags":[1111,11,1777,674,51543,1011,27,811,1307,10584,12,15830,25,2528],"class_list":{"0":"post-606208","1":"post","2":"type-post","3":"status-publish","4":"format-standard","5":"has-post-thumbnail","7":"category-lille","8":"tag-actu","9":"tag-actualites","10":"tag-eu","11":"tag-europe","12":"tag-fetes-de-fin-dannee","13":"tag-fr","14":"tag-france","15":"tag-hauts-de-france","16":"tag-lille","17":"tag-neige","18":"tag-news","19":"tag-noel","20":"tag-republique-francaise","21":"tag-vacances"},"share_on_mastodon":{"url":"https:\/\/pubeurope.com\/@fr\/115737351451269888","error":""},"_links":{"self":[{"href":"https:\/\/www.europesays.com\/fr\/wp-json\/wp\/v2\/posts\/606208","targetHints":{"allow":["GET"]}}],"collection":[{"href":"https:\/\/www.europesays.com\/fr\/wp-json\/wp\/v2\/posts"}],"about":[{"href":"https:\/\/www.europesays.com\/fr\/wp-json\/wp\/v2\/types\/post"}],"author":[{"embeddable":true,"href":"https:\/\/www.europesays.com\/fr\/wp-json\/wp\/v2\/users\/2"}],"replies":[{"embeddable":true,"href":"https:\/\/www.europesays.com\/fr\/wp-json\/wp\/v2\/comments?post=606208"}],"version-history":[{"count":0,"href":"https:\/\/www.europesays.com\/fr\/wp-json\/wp\/v2\/posts\/606208\/revisions"}],"wp:featuredmedia":[{"embeddable":true,"href":"https:\/\/www.europesays.com\/fr\/wp-json\/wp\/v2\/media\/606209"}],"wp:attachment":[{"href":"https:\/\/www.europesays.com\/fr\/wp-json\/wp\/v2\/media?parent=606208"}],"wp:term":[{"taxonomy":"category","embeddable":true,"href":"https:\/\/www.europesays.com\/fr\/wp-json\/wp\/v2\/categories?post=606208"},{"taxonomy":"post_tag","embeddable":true,"href":"https:\/\/www.europesays.com\/fr\/wp-json\/wp\/v2\/tags?post=606208"}],"curies":[{"name":"wp","href":"https:\/\/api.w.org\/{rel}","templated":true}]}}