{"id":606214,"date":"2025-12-17T22:51:22","date_gmt":"2025-12-17T22:51:22","guid":{"rendered":"https:\/\/www.europesays.com\/fr\/606214\/"},"modified":"2025-12-17T22:51:22","modified_gmt":"2025-12-17T22:51:22","slug":"la-ville-de-lyon-va-financer-des-chambres-dhotel-a-des-familles-sans-hebergement","status":"publish","type":"post","link":"https:\/\/www.europesays.com\/fr\/606214\/","title":{"rendered":"la Ville de Lyon va financer des chambres d&rsquo;h\u00f4tel \u00e0 des familles sans h\u00e9bergement"},"content":{"rendered":"<p itemprop=\"description\"><strong>\u00c0 l\u2019approche des vacances scolaires de No\u00ebl, la Ville de Lyon, en lien avec des collectifs citoyens et le dioc\u00e8se de Lyon, a annonc\u00e9 une s\u00e9rie de mesures pour \u00e9viter que des familles et des jeunes sans solution d\u2019h\u00e9bergement ne se retrouvent \u00e0 la rue ces prochaines semaines.<\/strong><\/p>\n<p>Ce sont 24 familles, repr\u00e9sentant 88 personnes dont 55 enfants, qui avaient trouv\u00e9 refuge la nuit dans des \u00e9coles primaires et maternelles lyonnaises. Cette situation ne pouvant \u00eatre maintenue durant les vacances scolaires, la municipalit\u00e9 \u00e9cologiste annonce ce mercredi avoir d\u00e9cid\u00e9 de financer une prise en charge h\u00f4teli\u00e8re.<\/p>\n<p>Celle-ci sera effective \u00e0 partir de vendredi soir et jusqu\u2019au 4 janvier, pour un budget estim\u00e9 \u00e0 42 000 euros. Au total, 33 adultes et 55 enfants b\u00e9n\u00e9ficieront de cette mise \u00e0 l\u2019abri temporaire.<\/p>\n<p>La Ville rappelle que l\u2019h\u00e9bergement d\u2019urgence rel\u00e8ve de la comp\u00e9tence de l\u2019\u00c9tat, mais souligne son engagement continu face \u00e0 l\u2019urgence sociale. En 2025, la municipalit\u00e9 indique avoir consacr\u00e9 pr\u00e8s de 3 millions d\u2019euros \u00e0 l\u2019h\u00e9bergement d\u2019urgence et \u00e0 la lutte contre le sans-abrisme, auxquels s\u2019ajoutent 1,4 million d\u2019euros de subventions vers\u00e9es aux associations intervenant dans ce champ.<\/p>\n<p>Parall\u00e8lement \u00e0 l\u2019action municipale, des collectifs citoyens et associations poursuivent leur mobilisation afin de prendre en charge d\u2019autres familles sans solution. Le dioc\u00e8se de Lyon reste \u00e9galement engag\u00e9 : pendant cette p\u00e9riode de f\u00eates, il permet \u00e0 pr\u00e8s de 80 jeunes du campement des Chartreux, actuellement en recours de minorit\u00e9, d\u2019\u00eatre accueillis \u00e0 l\u2019\u00e9glise Saint-Polycarpe.<\/p>\n","protected":false},"excerpt":{"rendered":"\u00c0 l\u2019approche des vacances scolaires de No\u00ebl, la Ville de Lyon, en lien avec des collectifs citoyens et&hellip;\n","protected":false},"author":2,"featured_media":606215,"comment_status":"","ping_status":"","sticky":false,"template":"","format":"standard","meta":{"footnotes":""},"categories":[1889],"tags":[1111,11,2813,2190,2430,1109,251,1112,2811,1777,674,118,1011,27,1922,1110,1114,2428,2810,12,241,316,25,2812,517,800],"class_list":{"0":"post-606214","1":"post","2":"type-post","3":"status-publish","4":"format-standard","5":"has-post-thumbnail","7":"category-lyon","8":"tag-actu","9":"tag-actualites","10":"tag-article","11":"tag-asvel","12":"tag-auvergne-rhone-alpes","13":"tag-breves","14":"tag-culture","15":"tag-depeches","16":"tag-economique","17":"tag-eu","18":"tag-europe","19":"tag-faits-divers","20":"tag-fr","21":"tag-france","22":"tag-info","23":"tag-informations","24":"tag-infos","25":"tag-lyon","26":"tag-lyonmag","27":"tag-news","28":"tag-ol","29":"tag-politique","30":"tag-republique-francaise","31":"tag-sociale","32":"tag-sport","33":"tag-transports"},"share_on_mastodon":{"url":"https:\/\/pubeurope.com\/@fr\/115737361341420569","error":""},"_links":{"self":[{"href":"https:\/\/www.europesays.com\/fr\/wp-json\/wp\/v2\/posts\/606214","targetHints":{"allow":["GET"]}}],"collection":[{"href":"https:\/\/www.europesays.com\/fr\/wp-json\/wp\/v2\/posts"}],"about":[{"href":"https:\/\/www.europesays.com\/fr\/wp-json\/wp\/v2\/types\/post"}],"author":[{"embeddable":true,"href":"https:\/\/www.europesays.com\/fr\/wp-json\/wp\/v2\/users\/2"}],"replies":[{"embeddable":true,"href":"https:\/\/www.europesays.com\/fr\/wp-json\/wp\/v2\/comments?post=606214"}],"version-history":[{"count":0,"href":"https:\/\/www.europesays.com\/fr\/wp-json\/wp\/v2\/posts\/606214\/revisions"}],"wp:featuredmedia":[{"embeddable":true,"href":"https:\/\/www.europesays.com\/fr\/wp-json\/wp\/v2\/media\/606215"}],"wp:attachment":[{"href":"https:\/\/www.europesays.com\/fr\/wp-json\/wp\/v2\/media?parent=606214"}],"wp:term":[{"taxonomy":"category","embeddable":true,"href":"https:\/\/www.europesays.com\/fr\/wp-json\/wp\/v2\/categories?post=606214"},{"taxonomy":"post_tag","embeddable":true,"href":"https:\/\/www.europesays.com\/fr\/wp-json\/wp\/v2\/tags?post=606214"}],"curies":[{"name":"wp","href":"https:\/\/api.w.org\/{rel}","templated":true}]}}