{"id":606227,"date":"2025-12-17T22:59:15","date_gmt":"2025-12-17T22:59:15","guid":{"rendered":"https:\/\/www.europesays.com\/fr\/606227\/"},"modified":"2025-12-17T22:59:15","modified_gmt":"2025-12-17T22:59:15","slug":"vladimir-poutine-affirme-que-les-dirigeants-europeens-cherchent-a-se-venger-de-la-russie","status":"publish","type":"post","link":"https:\/\/www.europesays.com\/fr\/606227\/","title":{"rendered":"Vladimir Poutine affirme que les dirigeants europ\u00e9ens cherchent \u00e0 \u00ab\u00a0se venger\u00a0\u00bb de la Russie"},"content":{"rendered":"<p>Lors d&rsquo;une r\u00e9union annuelle avec le minist\u00e8re russe de la D\u00e9fense, le pr\u00e9sident russe a estim\u00e9 que les dirigeants europ\u00e9ens \u00e9taient des \u00ab\u00a0jeunes porcs\u00a0\u00bb car ils se sont \u00ab\u00a0imm\u00e9diatement joints aux efforts de l&rsquo;ancienne administration am\u00e9ricaine\u00a0\u00bb de Joe Biden.<\/p>\n<p>Le pr\u00e9sident Vladimir Poutine a d\u00e9clar\u00e9 ce mercredi 17 d\u00e9cembre que la Russie s&#8217;emparerait par la force <a href=\"https:\/\/www.bfmtv.com\/international\/asie\/russie\/vladimir-poutine-affirme-qu-il-cessera-les-hostilites-si-l-armee-ukrainienne-se-retire-des-territoires-revendiques-par-la-russie_AN-202511270723.html\" title=\"Vladimir Poutine affirme qu&#039;il &quot;cessera les hostilit\u00e9s&quot; si l&#039;arm\u00e9e ukrainienne se retire des territoires revendiqu\u00e9s par la Russie\" class=\"internal_link\" target=\"_blank\" rel=\"noopener\">de nouvelles terres en Ukraine<\/a> si Kiev et les dirigeants europ\u00e9ens &#8211; qu&rsquo;il a qualifi\u00e9s de \u00ab\u00a0jeunes porcs\u00a0\u00bb &#8211; refusaient de s&rsquo;engager dans les propositions am\u00e9ricaines pour un r\u00e8glement pacifique.<\/p>\n<blockquote class=\"embed embed_quote\"><p>\u00ab\u00a0Les jeunes porcs europ\u00e9ens se sont imm\u00e9diatement joints aux efforts de l&rsquo;ancienne administration am\u00e9ricaine cherchant \u00e0 tirer profit de l&rsquo;effondrement de notre pays\u00a0\u00bb, a lanc\u00e9 le pr\u00e9sident russe.<\/p><\/blockquote>\n<p>\u00ab\u00a0Comme tout le monde peut le constater, toutes ces tentatives et tous ces plans destructeurs contre la Russie ont \u00e9chou\u00e9. Compl\u00e8tement \u00e9chou\u00e9\u00a0\u00bb, a poursuivi le dirigeant russe lors d&rsquo;une r\u00e9union annuelle avec le minist\u00e8re russe de la D\u00e9fense.<\/p>\n<p>\u00ab\u00a0Si la partie adverse et ses protecteurs \u00e9trangers refusent d&rsquo;engager des discussions substantielles, la Russie parviendra \u00e0 la lib\u00e9ration de ses terres historiques par des moyens militaires\u00a0\u00bb, a-t-il \u00e9galement averti.<\/p>\n<p>Vladimir Poutine promet d&rsquo;atteindre ses objectifs en Ukraine<\/p>\n<p>Vladimir Poutine a d\u00e9clar\u00e9 que la Russie <a href=\"https:\/\/www.bfmtv.com\/international\/asie\/russie\/guerre-en-ukraine-vladimir-poutine-assure-que-les-objectifs-de-la-russie-seront-sans-aucun-doute-atteints_AN-202512170563.html\" title=\"Guerre en Ukraine: Vladimir Poutine assure que les objectifs de la Russie seront &quot;sans aucun doute atteints&quot;\" class=\"internal_link\" target=\"_blank\" rel=\"noopener\">atteindrait ses objectifs en Ukraine<\/a> par des moyens diplomatiques ou militaires et chercherait \u00e0 \u00e9largir une \u00ab\u00a0zone tampon\u00a0\u00bb dans le pays.<\/p>\n<p><img decoding=\"async\" src=\"https:\/\/www.europesays.com\/fr\/wp-content\/uploads\/2025\/11\/principale-548_1.jpg\"  alt=\"\u00c9dition sp\u00e9ciale : Poutine, la menace \u2013 02\/12\" title=\"\u00c9dition sp\u00e9ciale : Poutine, la menace \u2013 02\/12\"\/>\u00c9dition sp\u00e9ciale : Poutine, la menace \u2013 02\/12<\/p>\n<p>\u00ab\u00a0Premi\u00e8rement, les objectifs de l&rsquo;op\u00e9ration militaire sp\u00e9ciale seront sans aucun doute atteints. Nous pr\u00e9f\u00e9rerions le faire et traiter les causes profondes du conflit par la diplomatie\u00a0\u00bb, a affirm\u00e9 Vladimir Poutine.<\/p>\n","protected":false},"excerpt":{"rendered":"Lors d&rsquo;une r\u00e9union annuelle avec le minist\u00e8re russe de la D\u00e9fense, le pr\u00e9sident russe a estim\u00e9 que les&hellip;\n","protected":false},"author":2,"featured_media":466918,"comment_status":"","ping_status":"","sticky":false,"template":"","format":"standard","meta":{"footnotes":""},"categories":[1591],"tags":[11,1887,12,1885,1886,132],"class_list":{"0":"post-606227","1":"post","2":"type-post","3":"status-publish","4":"format-standard","5":"has-post-thumbnail","7":"category-russie","8":"tag-actualites","9":"tag-federation-de-russie","10":"tag-news","11":"tag-russia","12":"tag-russian-federation","13":"tag-russie"},"share_on_mastodon":{"url":"https:\/\/pubeurope.com\/@fr\/115737394308706089","error":""},"_links":{"self":[{"href":"https:\/\/www.europesays.com\/fr\/wp-json\/wp\/v2\/posts\/606227","targetHints":{"allow":["GET"]}}],"collection":[{"href":"https:\/\/www.europesays.com\/fr\/wp-json\/wp\/v2\/posts"}],"about":[{"href":"https:\/\/www.europesays.com\/fr\/wp-json\/wp\/v2\/types\/post"}],"author":[{"embeddable":true,"href":"https:\/\/www.europesays.com\/fr\/wp-json\/wp\/v2\/users\/2"}],"replies":[{"embeddable":true,"href":"https:\/\/www.europesays.com\/fr\/wp-json\/wp\/v2\/comments?post=606227"}],"version-history":[{"count":0,"href":"https:\/\/www.europesays.com\/fr\/wp-json\/wp\/v2\/posts\/606227\/revisions"}],"wp:featuredmedia":[{"embeddable":true,"href":"https:\/\/www.europesays.com\/fr\/wp-json\/wp\/v2\/media\/466918"}],"wp:attachment":[{"href":"https:\/\/www.europesays.com\/fr\/wp-json\/wp\/v2\/media?parent=606227"}],"wp:term":[{"taxonomy":"category","embeddable":true,"href":"https:\/\/www.europesays.com\/fr\/wp-json\/wp\/v2\/categories?post=606227"},{"taxonomy":"post_tag","embeddable":true,"href":"https:\/\/www.europesays.com\/fr\/wp-json\/wp\/v2\/tags?post=606227"}],"curies":[{"name":"wp","href":"https:\/\/api.w.org\/{rel}","templated":true}]}}