{"id":606230,"date":"2025-12-17T23:02:12","date_gmt":"2025-12-17T23:02:12","guid":{"rendered":"https:\/\/www.europesays.com\/fr\/606230\/"},"modified":"2025-12-17T23:02:12","modified_gmt":"2025-12-17T23:02:12","slug":"26-ans-apres-la-condamnation-dun-pere-pour-avoir-tue-son-bebe-le-legiste-confesse-une-erreur","status":"publish","type":"post","link":"https:\/\/www.europesays.com\/fr\/606230\/","title":{"rendered":"26 ans apr\u00e8s la condamnation d\u2019un p\u00e8re pour avoir tu\u00e9 son b\u00e9b\u00e9, le l\u00e9giste confesse \u00ab\u00a0une erreur\u00a0\u00bb"},"content":{"rendered":"<p>Aux <a href=\"https:\/\/www.20minutes.fr\/monde\/etats-unis\/\" target=\"_blank\" class=\"c-link c-link--is-underlined\" rel=\"noopener\">Etats-Unis<\/a>, une affaire judiciaire embl\u00e9matique relance le d\u00e9bat sur les condamnations fond\u00e9es sur le diagnostic du syndrome du b\u00e9b\u00e9 secou\u00e9. Selon une enqu\u00eate de <a href=\"https:\/\/www.nbcnews.com\/news\/us-news\/dr-bruce-levy-backtrack-shaken-baby-syndrome-russell-maze-prison-rcna248219?cid=sm_npd_nn_tw_ma&amp;taid=6942ae0c6902f20001d02def&amp;utm_campaign=trueanthem&amp;utm_medium=social&amp;utm_source=twitter\" rel=\"nofollow noopener\" target=\"_blank\" class=\"c-link c-link--is-underlined\">NBC News<\/a>, le Dr Bruce Levy, ancien <a href=\"https:\/\/www.20minutes.fr\/dossier\/medecin\" target=\"_blank\" class=\"c-link c-link--is-underlined\" rel=\"noopener\">m\u00e9decin l\u00e9giste<\/a> en chef du Tennessee, affirme aujourd\u2019hui s\u2019\u00eatre tromp\u00e9 dans une expertise qui a conduit \u00e0 l\u2019emprisonnement \u00e0 perp\u00e9tuit\u00e9 de Russell Maze.<\/p>\n<p>En\u00a01999, Alex Maze, n\u00e9 pr\u00e9matur\u00e9ment, est hospitalis\u00e9 apr\u00e8s un arr\u00eat respiratoire alors qu\u2019il se trouvait seul avec son p\u00e8re. Les m\u00e9decins concluent alors \u00e0 des signes typiques de <a href=\"https:\/\/www.20minutes.fr\/monde\/violences\/\" target=\"_blank\" class=\"c-link c-link--is-underlined\" rel=\"noopener\">violences<\/a>, et Russell Maze est accus\u00e9. Apr\u00e8s le d\u00e9c\u00e8s de l\u2019enfant en octobre\u00a02000, une autopsie men\u00e9e par Bruce Levy classe la mort comme un <a href=\"https:\/\/www.20minutes.fr\/dossier\/homicide\" target=\"_blank\" class=\"c-link c-link--is-underlined\" rel=\"noopener\">homicide<\/a>. Cette conclusion joue un r\u00f4le central dans la condamnation du p\u00e8re pour meurtre en\u00a02004.<\/p>\n<\/p>\n<p>Le m\u00e9decin l\u00e9giste revient sur son diagnostic<\/p>\n<p>Pr\u00e8s de vingt-cinq ans plus tard, dans le cadre d\u2019un r\u00e9examen des condamnations potentiellement injustifi\u00e9es \u00e0 Nashville, Bruce Levy a accept\u00e9 de revoir le dossier. A la lumi\u00e8re d\u2019\u00e9l\u00e9ments m\u00e9dicaux qui ne lui avaient pas \u00e9t\u00e9 communiqu\u00e9s \u00e0 l\u2019\u00e9poque \u2013 notamment l\u2019extr\u00eame pr\u00e9maturit\u00e9 et des pathologies cardiaques \u2013 il est revenu sur son diagnostic. En\u00a02024, il a m\u00eame sign\u00e9 une d\u00e9claration officielle estimant que la mort de l\u2019enfant relevait probablement de causes naturelles et non d\u2019un acte criminel.<\/p>\n<p><a href=\"https:\/\/www.20minutes.fr\/monde\/etats-unis\/\" target=\"_blank\" class=\"c-link c-btn c-btn--primary\" rel=\"noopener\">Notre dossier sur les Etats-Unis<\/a><\/p>\n<p>Cette \u00e9volution s\u2019inscrit dans un mouvement plus large de remise en question scientifique du syndrome du b\u00e9b\u00e9 secou\u00e9, dont les crit\u00e8res sont d\u00e9sormais jug\u00e9s insuffisants par de nombreux experts. Malgr\u00e9 le soutien du bureau du procureur de Nashville et d\u2019une partie de la communaut\u00e9 m\u00e9dicale, les tribunaux du Tennessee ont, \u00e0 ce stade, refus\u00e9 d\u2019annuler la condamnation de Russell Maze. Toujours incarc\u00e9r\u00e9, ce dernier pourrait encore saisir la Cour supr\u00eame de l\u2019Etat ou demander une gr\u00e2ce.<\/p>\n","protected":false},"excerpt":{"rendered":"Aux Etats-Unis, une affaire judiciaire embl\u00e9matique relance le d\u00e9bat sur les condamnations fond\u00e9es sur le diagnostic du syndrome&hellip;\n","protected":false},"author":2,"featured_media":606231,"comment_status":"","ping_status":"","sticky":false,"template":"","format":"standard","meta":{"footnotes":""},"categories":[1589],"tags":[47,11,10258,3493,4073,228,73,1866,303,6339,74,12,1864,1865,1863,308],"class_list":{"0":"post-606230","1":"post","2":"type-post","3":"status-publish","4":"format-standard","5":"has-post-thumbnail","7":"category-etats-unis","8":"tag-actualite","9":"tag-actualites","10":"tag-autopsie","11":"tag-bebe","12":"tag-condamnation","13":"tag-diagnostic","14":"tag-etats-unis","15":"tag-etats-unis-damerique","16":"tag-justice","17":"tag-medecin","18":"tag-monde","19":"tag-news","20":"tag-united-states","21":"tag-united-states-of-america","22":"tag-us","23":"tag-usa"},"share_on_mastodon":{"url":"https:\/\/pubeurope.com\/@fr\/115737404665963781","error":""},"_links":{"self":[{"href":"https:\/\/www.europesays.com\/fr\/wp-json\/wp\/v2\/posts\/606230","targetHints":{"allow":["GET"]}}],"collection":[{"href":"https:\/\/www.europesays.com\/fr\/wp-json\/wp\/v2\/posts"}],"about":[{"href":"https:\/\/www.europesays.com\/fr\/wp-json\/wp\/v2\/types\/post"}],"author":[{"embeddable":true,"href":"https:\/\/www.europesays.com\/fr\/wp-json\/wp\/v2\/users\/2"}],"replies":[{"embeddable":true,"href":"https:\/\/www.europesays.com\/fr\/wp-json\/wp\/v2\/comments?post=606230"}],"version-history":[{"count":0,"href":"https:\/\/www.europesays.com\/fr\/wp-json\/wp\/v2\/posts\/606230\/revisions"}],"wp:featuredmedia":[{"embeddable":true,"href":"https:\/\/www.europesays.com\/fr\/wp-json\/wp\/v2\/media\/606231"}],"wp:attachment":[{"href":"https:\/\/www.europesays.com\/fr\/wp-json\/wp\/v2\/media?parent=606230"}],"wp:term":[{"taxonomy":"category","embeddable":true,"href":"https:\/\/www.europesays.com\/fr\/wp-json\/wp\/v2\/categories?post=606230"},{"taxonomy":"post_tag","embeddable":true,"href":"https:\/\/www.europesays.com\/fr\/wp-json\/wp\/v2\/tags?post=606230"}],"curies":[{"name":"wp","href":"https:\/\/api.w.org\/{rel}","templated":true}]}}