{"id":606248,"date":"2025-12-17T23:12:25","date_gmt":"2025-12-17T23:12:25","guid":{"rendered":"https:\/\/www.europesays.com\/fr\/606248\/"},"modified":"2025-12-17T23:12:25","modified_gmt":"2025-12-17T23:12:25","slug":"stade-toulousain-le-verdict-tombe","status":"publish","type":"post","link":"https:\/\/www.europesays.com\/fr\/606248\/","title":{"rendered":"Stade Toulousain, le verdict tombe"},"content":{"rendered":"<p><strong>Alors que peu de pr\u00e9sidents de<br \/>\nclubs de Top 14 ont souhait\u00e9 r\u00e9agir \u00e0 la sanction inflig\u00e9e \u00e0<br \/>\nToulouse dans l&rsquo;affaire Jaminet, celui de Toulon, Bernard Lema\u00eetre,<br \/>\ns&rsquo;est exprim\u00e9 sur le sujet pour L&rsquo;\u00c9quipe.<\/strong><\/p>\n<p>Alors que le club \u00e9tait menac\u00e9 de lourdes sanctions (comme une<br \/>\npossible exclusion de la phase finale du Top 14 cette ann\u00e9e, voire<br \/>\npire), Toulouse s\u2019en est finalement bien tir\u00e9 dans l\u2019affaire<br \/>\nJaminet, avec \u00ab\u00a0seulement\u00a0\u00bb un retrait de deux points au<br \/>\nclassement. Si certains pr\u00e9sidents de clubs du Top 14 sont<br \/>\nd\u2019ordinaire tr\u00e8s bavards, ces derniers se sont montr\u00e9s plut\u00f4t<br \/>\ndiscret cette fois au moment de r\u00e9agir \u00e0 cela, comme l\u2019a not\u00e9<br \/>\nL\u2019\u00c9quipe.<\/p>\n<p>Mais, ce n\u2019est pas le cas de Bernard Lema\u00eetre qui a pris la<br \/>\nparole pour \u00e9voquer la faible sanction inflig\u00e9e au club qui reste<br \/>\nsur trois titres de champion de France. \u00ab Je n\u2019ai pas assez<br \/>\nd\u2019\u00e9l\u00e9ments. Deux points ? En Angleterre pour un cas comparable, les<br \/>\nSaracens ont \u00e9t\u00e9 r\u00e9trograd\u00e9s en seconde division (en 2020). Ils<br \/>\nsont remont\u00e9s gr\u00e2ce \u00e0 un propri\u00e9taire puissant d\u2019ailleurs. Tout le<br \/>\nmonde ne dit pas la v\u00e9rit\u00e9 dans cette affaire \u00bb, a notamment<br \/>\nd\u00e9clar\u00e9 le pr\u00e9sident de Toulon.<\/p>\n<p>Lema\u00eetre : \u00ab Une sanction tout \u00e0<br \/>\nfait digeste \u00bb<\/p>\n<p>\u00ab Le Stade Toulousain est une ic\u00f4ne. Si tu le massacres, tu<br \/>\naffaiblis le rugby professionnel fran\u00e7ais et l\u2019\u00e9quipe de France.<br \/>\nL\u00e0, non. C\u2019est une sanction tout \u00e0 fait digeste. (\u2026) Tous les clubs<br \/>\nont recours \u00e0 des combines m\u00eame si c\u2019est en d\u00e9clin dans le nombre<br \/>\ncomme dans les pratiques \u00bb, a par la suite expliqu\u00e9 ce dernier,<br \/>\nlors d\u2019un entretien accord\u00e9 au quotidien sportif fran\u00e7ais.<\/p>\n<p>\u00ab L\u00e0, \u00e7a tombe sur le Stade Toulousain, un club dont je ne<br \/>\ndirais pas de mal, je suis trop respectueux du travail accompli.<br \/>\nJ\u2019admire ce club sur le plan organisationnel et ses r\u00e9sultats en<br \/>\nsont la cons\u00e9quence, pas autre chose. Le pr\u00e9sident a fait une<br \/>\nerreur et il la pensait r\u00e9par\u00e9e. (\u2026) Il faut une autor\u00e9gulation<br \/>\nencadr\u00e9e. Pour emp\u00eacher la fraude, il faut que la r\u00e8gle soit<br \/>\naccept\u00e9e par tous \u00bb, a ensuite poursuivi Lema\u00eetre, qui a \u00e9t\u00e9<br \/>\nconfront\u00e9 \u00e0 deux affaires r\u00e9cemment li\u00e9es \u00e0 Cheslin Kolbe et Dan<br \/>\nBiggar.<\/p>\n","protected":false},"excerpt":{"rendered":"Alors que peu de pr\u00e9sidents de clubs de Top 14 ont souhait\u00e9 r\u00e9agir \u00e0 la sanction inflig\u00e9e \u00e0&hellip;\n","protected":false},"author":2,"featured_media":606249,"comment_status":"","ping_status":"","sticky":false,"template":"","format":"standard","meta":{"footnotes":""},"categories":[1416],"tags":[1011,27,8240,479,1468,57681,60,478,2310,2312],"class_list":{"0":"post-606248","1":"post","2":"type-post","3":"status-publish","4":"format-standard","5":"has-post-thumbnail","7":"category-rugby","8":"tag-fr","9":"tag-france","10":"tag-lemaitre","11":"tag-rugby","12":"tag-rugby-football","13":"tag-sport365-fr","14":"tag-sports","15":"tag-top-14","16":"tag-toulon","17":"tag-toulouse"},"share_on_mastodon":{"url":"https:\/\/pubeurope.com\/@fr\/115737444031098551","error":""},"_links":{"self":[{"href":"https:\/\/www.europesays.com\/fr\/wp-json\/wp\/v2\/posts\/606248","targetHints":{"allow":["GET"]}}],"collection":[{"href":"https:\/\/www.europesays.com\/fr\/wp-json\/wp\/v2\/posts"}],"about":[{"href":"https:\/\/www.europesays.com\/fr\/wp-json\/wp\/v2\/types\/post"}],"author":[{"embeddable":true,"href":"https:\/\/www.europesays.com\/fr\/wp-json\/wp\/v2\/users\/2"}],"replies":[{"embeddable":true,"href":"https:\/\/www.europesays.com\/fr\/wp-json\/wp\/v2\/comments?post=606248"}],"version-history":[{"count":0,"href":"https:\/\/www.europesays.com\/fr\/wp-json\/wp\/v2\/posts\/606248\/revisions"}],"wp:featuredmedia":[{"embeddable":true,"href":"https:\/\/www.europesays.com\/fr\/wp-json\/wp\/v2\/media\/606249"}],"wp:attachment":[{"href":"https:\/\/www.europesays.com\/fr\/wp-json\/wp\/v2\/media?parent=606248"}],"wp:term":[{"taxonomy":"category","embeddable":true,"href":"https:\/\/www.europesays.com\/fr\/wp-json\/wp\/v2\/categories?post=606248"},{"taxonomy":"post_tag","embeddable":true,"href":"https:\/\/www.europesays.com\/fr\/wp-json\/wp\/v2\/tags?post=606248"}],"curies":[{"name":"wp","href":"https:\/\/api.w.org\/{rel}","templated":true}]}}