{"id":606255,"date":"2025-12-17T23:19:13","date_gmt":"2025-12-17T23:19:13","guid":{"rendered":"https:\/\/www.europesays.com\/fr\/606255\/"},"modified":"2025-12-17T23:19:13","modified_gmt":"2025-12-17T23:19:13","slug":"olivier-minne-evoque-sa-sexualite-et-sa-vie-sentimentale-dans-tbt9","status":"publish","type":"post","link":"https:\/\/www.europesays.com\/fr\/606255\/","title":{"rendered":"Olivier Minne \u00e9voque sa sexualit\u00e9 et sa vie sentimentale dans \u00abTBT9\u00bb"},"content":{"rendered":"<p>    Olivier Minne dans \u00abTout beau tout n9uf\u00bb<br \/>\n                Capture d&rsquo;\u00e9cran<\/p>\n<p>\n    L\u2019ancien animateur embl\u00e9matique de \u00abFort Boyard\u00bb fait sa grande arriv\u00e9e sur M6 depuis quelques semaines. Pour l\u2019occasion, il \u00e9tait l\u2019invit\u00e9 de Cyril Hanouna.<\/p>\n<p class=\"fig-paragraph\">\u00abOn a d\u00e9m\u00e9nag\u00e9 en m\u00eame temps\u00a0!\u00bb Ce mercredi 17 d\u00e9cembre,\u00a0<a href=\"https:\/\/www.lefigaro.fr\/tag\/cyril-hanouna\" target=\"_blank\" rel=\"sponsored noopener\" data-gtm-custom-categorie=\"navigation\" data-gtm-custom-action=\"crossclick\" data-gtm-custom-label=\"Contextuel\" data-gtm-event=\"customEventSPE\">Cyril Hanouna<\/a>\u00a0recevait\u00a0<a href=\"https:\/\/www.lefigaro.fr\/tag\/olivier-minne\" target=\"_blank\" rel=\"sponsored noopener\" data-gtm-custom-categorie=\"navigation\" data-gtm-custom-action=\"crossclick\" data-gtm-custom-label=\"Contextuel\" data-gtm-event=\"customEventSPE\"><strong>Olivier Minne<\/strong><\/a>, arriv\u00e9 fra\u00eechement lui aussi sur le groupe M6. Et si l\u2019ancien animateur de \u00abFort Boyard\u00bb sur\u00a0<a href=\"https:\/\/tvmag.lefigaro.fr\/programme-tv\/chaine\/4\/tous-les-programmes-de-france-2\" target=\"_blank\" rel=\"sponsored noopener\" data-gtm-custom-categorie=\"navigation\" data-gtm-custom-action=\"crossclick\" data-gtm-custom-label=\"Contextuel\" data-gtm-event=\"customEventSPE\">France 2<\/a>\u00a0a fait ses premiers pas sur la Six avec\u00a0<a href=\"http:\/\/tvmag.lefigaro.fr\/programme-tv\/actu-tele\/il-n-y-avait-pas-lieu-de-faire-un-copier-coller-de-laurence-boccolini-olivier-minne-debarque-sur-m6-avec-le-maillon-faible-20251110\" target=\"_blank\" data-fig-type=\"Article\" rel=\"noopener\" data-gtm-custom-categorie=\"navigation\" data-gtm-custom-action=\"crossclick\" data-gtm-custom-label=\"Contextuel\" data-gtm-event=\"customEventSPE\" data-fig-domain=\"TVMAG\">\u00abLe Maillon Faible\u00bb<\/a>\u00a0le 28 novembre dernier, il revient d\u00e8s ce lundi avec un nouveau jeu d\u2019aventures nomm\u00e9 \u00abPandore\u00bb.<\/p>\n<p class=\"fig-paragraph\">Pour l\u2019occasion, il s\u2019est pr\u00eat\u00e9 au jeu des questions \/ r\u00e9ponses sur le plateau de\u00a0<a href=\"https:\/\/www.lefigaro.fr\/tag\/tout-beau-tout-n9uf\" target=\"_blank\" rel=\"sponsored noopener\" data-gtm-custom-categorie=\"navigation\" data-gtm-custom-action=\"crossclick\" data-gtm-custom-label=\"Contextuel\" data-gtm-event=\"customEventSPE\">\u00abTout Beau Tout N9uf\u00bb<\/a>. Tout y est pass\u00e9. De ses relations avec la direction de France T\u00e9l\u00e9visions depuis son d\u00e9part, \u00e0 ses pires interviews en passant par des anecdotes sur \u00abMatin Bonheur\u00bb. Olivier Minne a sembl\u00e9 s\u00e9duire tout le monde, en particulier\u00a0<a href=\"http:\/\/tvmag.lefigaro.fr\/programme-tv\/actu-tele\/tout-beau-tout-n9uf-danielle-moreau-rejoint-la-bande-des-chroniqueurs-de-cyril-hanouna-sur-w9-20250818\" target=\"_blank\" data-fig-type=\"Article\" rel=\"noopener\" data-gtm-custom-categorie=\"navigation\" data-gtm-custom-action=\"crossclick\" data-gtm-custom-label=\"Contextuel\" data-gtm-event=\"customEventSPE\" data-fig-domain=\"TVMAG\">Danielle Moreau<\/a>\u00a0et\u00a0<a href=\"http:\/\/tvmag.lefigaro.fr\/programme-tv\/actu-tele\/je-me-disais-que-j-allais-me-faire-incendier-les-larmes-de-jordan-de-luxe-en-parlant-de-son-homosexualite-20251105\" target=\"_blank\" data-fig-type=\"Article\" rel=\"noopener\" data-gtm-custom-categorie=\"navigation\" data-gtm-custom-action=\"crossclick\" data-gtm-custom-label=\"Contextuel\" data-gtm-event=\"customEventSPE\" data-fig-domain=\"TVMAG\">Jordan de Luxe<\/a>.<\/p>\n<p class=\"fig-body-link\">\n            \u00c0 lire aussi<br \/>\n        <a class=\"fig-body-link__link fig-premium-mark\" href=\"http:\/\/tvmag.lefigaro.fr\/programme-tv\/actu-tele\/olivier-minne-je-me-sens-renaitre-sur-m6-20251211\" target=\"_blank\" data-fig-type=\"Article\" rel=\"noopener\" data-gtm-custom-categorie=\"navigation\" data-gtm-custom-action=\"crossclick\" data-gtm-custom-label=\"Contextuel\" data-gtm-event=\"customEventSPE\" data-fig-domain=\"TVMAG\"><\/p>\n<p>        Olivier Minne\u00a0: \u00abJe me sens rena\u00eetre sur M6\u00bb<br \/>\n    <\/a>\n<\/p>\n<p>                                                                <a class=\"fig-a11y-skip\" href=\"#fig-a11y-skip-main-inarticle\" data-module=\"a11y-skip\" data-context=\"was @visible\"><br \/>\n    Passer la publicit\u00e9<br \/>\n<\/a>            <\/p>\n<p class=\"fig-paragraph\">La chroniqueuse, visiblement troubl\u00e9e par le charme de l\u2019invit\u00e9, a \u00e9chapp\u00e9 de peu \u00e0 un lapsus. \u00abOn se conna\u00eet depuis tellement longtemps. Et en plus, il m\u2019a fait jouer\u00a0!\u00bb, a-t-elle lanc\u00e9. Il n\u2019en a pas fallu plus \u00e0 Cyril Hanouna pour souligner qu\u2019une syllabe pouvait tout changer&#8230; \u00abC\u2019est l\u2019homme id\u00e9al\u00a0! Il est l\u2019une de mes plus belles rencontres dans le m\u00e9tier\u00bb, s\u2019est-elle justifi\u00e9e, entre le rire et la g\u00eane.<\/p>\n<p class=\"fig-paragraph\">Plus tard, Jordan de Luxe, habitu\u00e9 \u00e0 interroger des personnalit\u00e9s sur l\u2019aspect \u00abpeople\u00bb de leur vie, ne s\u2019est pas g\u00ean\u00e9 pour \u00e9voquer la vie sentimentale d\u2019Olivier Minne. \u00abTout le monde dit que vous \u00eates tr\u00e8s beau. Et c\u2019est vrai, vous \u00eates un tr\u00e8s beau mec. Vous \u00eates s\u00e9duisant tout \u00e7a. \u00c7a se voit, il y a du sex-appeal. Tout le monde \u00e9tait en folie autour du plateau, l\u2019a encens\u00e9 le chroniqueur avant d\u2019en venir \u00e0 sa question\u00a0: Je voudrais juste savoir, parce que vous ne vous exprimez jamais l\u00e0-dessus, est-ce que vous \u00eates en couple ou c\u00e9libataire\u00a0?\u00bb Alors que Cyril Hanouna offrait \u00e0 son invit\u00e9 une porte de sortie d\u00e9guis\u00e9e, ce dernier a tout de m\u00eame souhait\u00e9 partager des \u00e9l\u00e9ments de r\u00e9ponse.<\/p>\n<p class=\"fig-body-link\">\n            \u00c0 lire aussi<br \/>\n        <a class=\"fig-body-link__link\" href=\"http:\/\/tvmag.lefigaro.fr\/programme-tv\/actu-tele\/la-france-a-son-george-clooney-les-internautes-seduits-par-la-premiere-d-olivier-minne-dans-le-maillon-faible-20251129\" target=\"_blank\" data-fig-type=\"Article\" rel=\"noopener\" data-gtm-custom-categorie=\"navigation\" data-gtm-custom-action=\"crossclick\" data-gtm-custom-label=\"Contextuel\" data-gtm-event=\"customEventSPE\" data-fig-domain=\"TVMAG\"><\/p>\n<p>        \u00abLa France a son George Clooney\u00bb\u00a0: les internautes s\u00e9duits par la premi\u00e8re d\u2019Olivier Minne dans \u00abLe Maillon faible\u00bb<br \/>\n    <\/a>\n<\/p>\n<p class=\"fig-paragraph\">\u00abC\u2019\u00e9tait \u00e9tonnant quand m\u00eame \u00e0 quel point \u00e7a, sinon fascine, en tout cas int\u00e9resse les gens\u00bb, s\u2019est \u00e9tonn\u00e9 Olivier Minne, dubitatif. Et de poursuivre\u00a0: \u00abC\u2019est sans doute l\u2019\u00e2ge, ou ma g\u00e9n\u00e9ration, mais j\u2019aime bien l\u2019id\u00e9e de garder une forme de myst\u00e8re. Non pas que je veuille m\u2019asexu\u00e9 mais tout simplement l\u2019id\u00e9e que je garde \u00e7a pour moi.\u00bb Cette volont\u00e9 de conserver son jardin secret sentimental ou familial n\u2019est pas motiv\u00e9e par la seule envie d\u2019\u00eatre myst\u00e9rieux. L\u2019animateur a fait part d\u2019observations datant d\u2019il y a une vingtaine d\u2019ann\u00e9es\u00a0: \u00abQuand tout s\u2019est arr\u00eat\u00e9 pour moi il y a quelques ann\u00e9es &#8211; \u00e7a a \u00e9t\u00e9 tr\u00e8s marquant pour moi &#8211; peu de gens se pr\u00e9occupaient de savoir si j\u2019\u00e9tais en couple ou pas. Et surtout, au-del\u00e0 de \u00e7a, si j\u2019allais bien ou pas. Ce qui a \u00e9t\u00e9 un refuge merveilleux, \u00e7a a \u00e9t\u00e9 la famille et les proches. Donc je pr\u00e9f\u00e8re pr\u00e9server \u00e7a tout simplement parce que ce n\u2019est pas parce qu\u2019aujourd\u2019hui les choses sont belles dans ce qui m\u2019entoure, qu\u2019\u00e9ventuellement un coup du sort ne pourrait pas me tomber sur le coin du nez.\u00bb D\u00e9\u00e7u, Jordan de Luxe n\u2019obtiendra rien de plus de la part de l\u2019animateur.<\/p>\n","protected":false},"excerpt":{"rendered":"Olivier Minne dans \u00abTout beau tout n9uf\u00bb Capture d&rsquo;\u00e9cran L\u2019ancien animateur embl\u00e9matique de \u00abFort Boyard\u00bb fait sa grande&hellip;\n","protected":false},"author":2,"featured_media":606256,"comment_status":"","ping_status":"","sticky":false,"template":"","format":"standard","meta":{"footnotes":""},"categories":[1359],"tags":[58,59,1011,27,17033,973,49425],"class_list":{"0":"post-606255","1":"post","2":"type-post","3":"status-publish","4":"format-standard","5":"has-post-thumbnail","7":"category-people","8":"tag-divertissement","9":"tag-entertainment","10":"tag-fr","11":"tag-france","12":"tag-olivier-minne","13":"tag-people","14":"tag-tout-beau-tout-n9uf"},"share_on_mastodon":{"url":"https:\/\/pubeurope.com\/@fr\/115737471575307308","error":""},"_links":{"self":[{"href":"https:\/\/www.europesays.com\/fr\/wp-json\/wp\/v2\/posts\/606255","targetHints":{"allow":["GET"]}}],"collection":[{"href":"https:\/\/www.europesays.com\/fr\/wp-json\/wp\/v2\/posts"}],"about":[{"href":"https:\/\/www.europesays.com\/fr\/wp-json\/wp\/v2\/types\/post"}],"author":[{"embeddable":true,"href":"https:\/\/www.europesays.com\/fr\/wp-json\/wp\/v2\/users\/2"}],"replies":[{"embeddable":true,"href":"https:\/\/www.europesays.com\/fr\/wp-json\/wp\/v2\/comments?post=606255"}],"version-history":[{"count":0,"href":"https:\/\/www.europesays.com\/fr\/wp-json\/wp\/v2\/posts\/606255\/revisions"}],"wp:featuredmedia":[{"embeddable":true,"href":"https:\/\/www.europesays.com\/fr\/wp-json\/wp\/v2\/media\/606256"}],"wp:attachment":[{"href":"https:\/\/www.europesays.com\/fr\/wp-json\/wp\/v2\/media?parent=606255"}],"wp:term":[{"taxonomy":"category","embeddable":true,"href":"https:\/\/www.europesays.com\/fr\/wp-json\/wp\/v2\/categories?post=606255"},{"taxonomy":"post_tag","embeddable":true,"href":"https:\/\/www.europesays.com\/fr\/wp-json\/wp\/v2\/tags?post=606255"}],"curies":[{"name":"wp","href":"https:\/\/api.w.org\/{rel}","templated":true}]}}