{"id":606259,"date":"2025-12-17T23:22:20","date_gmt":"2025-12-17T23:22:20","guid":{"rendered":"https:\/\/www.europesays.com\/fr\/606259\/"},"modified":"2025-12-17T23:22:20","modified_gmt":"2025-12-17T23:22:20","slug":"olivier-minne-gros-malaise-lors-de-son-passage-dans-tbt9-la-question-deplacee-de-matthieu-delormeau-sur-ses-soucis-financiers","status":"publish","type":"post","link":"https:\/\/www.europesays.com\/fr\/606259\/","title":{"rendered":"Olivier Minne : gros malaise lors de son passage dans \u00ab\u00a0TBT9\u00a0\u00bb, la question d\u00e9plac\u00e9e de Matthieu Delormeau sur ses soucis financiers"},"content":{"rendered":"<p>Le passage d\u2019<a href=\"https:\/\/www.public.fr\/tag\/olivier-minne\" target=\"_blank\" rel=\"noopener\">Olivier Minne<\/a> sur le plateau de TBT9 ce mercredi a donn\u00e9 lieu \u00e0 plusieurs confidences marquantes\u2026 mais aussi \u00e0 un moment de grand malaise. Invit\u00e9 pour \u00e9voquer son actualit\u00e9, son arriv\u00e9e au sein du groupe M6 et son d\u00e9part tr\u00e8s comment\u00e9 de France T\u00e9l\u00e9visions, l\u2019animateur s\u2019est retrouv\u00e9 au c\u0153ur d\u2019une s\u00e9quence particuli\u00e8rement g\u00eanante apr\u00e8s une intervention de Matthieu Delormeau jug\u00e9e d\u00e9plac\u00e9e par de nombreux t\u00e9l\u00e9spectateurs.<\/p>\n<p>Olivier Minne \u00e9voque son d\u00e9part de France T\u00e9l\u00e9visions<\/p>\n<p>Durant l\u2019\u00e9mission, Olivier Minne est revenu avec sinc\u00e9rit\u00e9 sur son <strong>nouveau chapitre chez M6<\/strong>, o\u00f9 <a href=\"https:\/\/www.public.fr\/on-se-voit-en-loges-olivier-minne-reglement-de-compte-sur-le-plateau-du-maillon-faible-du-jamais-vu\" target=\"_blank\" rel=\"noopener\">il pr\u00e9sente d\u00e9sormais <strong>\u00ab\u00a0Le Maillon Faible\u00a0\u00bb<\/strong><\/a> et s\u2019investit dans plusieurs projets. Il a \u00e9galement \u00e9voqu\u00e9 son <strong>\u00e9viction de France T\u00e9l\u00e9visions<\/strong>, apr\u00e8s 36 ann\u00e9es de collaboration, une page importante qu\u2019il a dit avoir tourn\u00e9e sans amertume mais avec lucidit\u00e9.<\/p>\n<p>L&rsquo;occasion pour lui de <a href=\"https:\/\/www.public.fr\/france-2-olivier-minne-a-t-il-fait-du-chantage-a-ses-patrons-grosse-mise-au-point-sur-le-depart-qui-a-fait-couler-beaucoup-dencre\" target=\"_blank\" rel=\"noopener\">r\u00e9v\u00e9ler avoir \u00e9t\u00e9 approch\u00e9 par M6 il y a un peu plus d&rsquo;un an<\/a> et d&rsquo;avoir \u00e9t\u00e9 transparent avec le groupe France T\u00e9l\u00e9visions.<\/p>\n<p>\u00ab\u00a0Quand on ferme un livre de 36 ans de collaboration, ce n\u2019est pas une d\u00e9cision qu\u2019on prend \u00e0 la l\u00e9g\u00e8re. J\u2019ai pas envie de pol\u00e9miquer avec France T\u00e9l\u00e9visions, ils savent ce qui a motiv\u00e9 ma d\u00e9cision de partir\u00a0\u00bb a-t-il affirm\u00e9.  L\u2019animateur a profit\u00e9 de l\u2019\u00e9change pour rappeler que sa carri\u00e8re n\u2019a pas toujours \u00e9t\u00e9 lin\u00e9aire, loin de l\u00e0.<\/p>\n<p>Une \u00ab\u00a0travers\u00e9e du d\u00e9sert\u00a0\u00bb au d\u00e9but des ann\u00e9es 2000<\/p>\n<p>Avec beaucoup de franchise, Olivier Minne est revenu sur une p\u00e9riode plus sombre de sa carri\u00e8re, au d\u00e9but des ann\u00e9es 2000. Malgr\u00e9 sa pr\u00e9sence \u00e0 France 2, <strong>aucune autre cha\u00eene ne faisait alors appel \u00e0 lui<\/strong> pendant plusieurs mois.<\/p>\n<p>Une p\u00e9riode qu\u2019il a qualifi\u00e9e de <strong>\u00ab\u00a0travers\u00e9e du d\u00e9sert<\/strong>\u00ab\u00a0, tant sur le plan professionnel que personnel. Un t\u00e9moignage rare qui laissait transpara\u00eetre les difficult\u00e9s rencontr\u00e9es \u00e0 cette \u00e9poque.<\/p>\n<p>Matthieu Delormeau balance une anecdote et provoque un malaise<\/p>\n<p>Juste apr\u00e8s cette confidence, <a href=\"https:\/\/www.public.fr\/tbt9-matthieu-delormeau-reapparait-avec-le-visage-bien-amoche-suite-a-un-accident\" target=\"_blank\" rel=\"noopener\"><strong>Matthieu Delormeau<\/strong> a pris la parole et lanc\u00e9 une remarque qui a imm\u00e9diatement jet\u00e9 un froid sur le plateau<\/a> : \u00ab\u00a0On a un ami en commun qui m\u2019a dit que pendant la travers\u00e9e du d\u00e9sert que tu as eue, tu as \u00e9t\u00e9 oblig\u00e9 de vendre tes livres chez Gilbert Jeune par exemple\u2026\u00a0\u00bb.<\/p>\n<p>Un propos tr\u00e8s personnel, <strong>\u00e9voquant de possibles difficult\u00e9s financi\u00e8res<\/strong>, qui a visiblement pris Olivier Minne de court. Face \u00e0 cette question inattendue, Olivier Minne est rest\u00e9 silencieux quelques secondes, visiblement mal \u00e0 l\u2019aise. Puis, avec retenue, il a fini par r\u00e9pondre : \u00ab\u00a0Oui, c\u2019est vrai\u2026\u00a0\u00bb.<\/p>\n<p>Conscient de la g\u00eane provoqu\u00e9e, Matthieu Delormeau a rapidement tent\u00e9 de d\u00e9samorcer la situation : \u00ab\u00a0Est-ce que j\u2019ai dit quelque chose qui ne fallait pas ? Si c\u2019est le cas, je m\u2019en excuse\u00a0\u00bb. <\/p>\n<p>Sentant que la s\u00e9quence devenait inconfortable, <strong>Cyril Hanouna<\/strong> est rapidement intervenu pour <strong>reprendre le fil de la discussion<\/strong>. L\u2019animateur a alors redirig\u00e9 la conversation vers un autre aspect de la carri\u00e8re d\u2019Olivier Minne, \u00e9voquant notamment son travail de <strong>chroniqueur \u00e0 la radio<\/strong>, afin d\u2019all\u00e9ger l\u2019atmosph\u00e8re.<\/p>\n<blockquote class=\"twitter-tweet\">\n<p>La question de Delormeau a eu l&rsquo;air de mettre tr\u00e8s mal \u00e0 l&rsquo;aise Olivier Minne !<a href=\"https:\/\/twitter.com\/hashtag\/TBT9?src=hash&amp;ref_src=twsrc%5Etfw\" target=\"_blank\" rel=\"noopener\">#TBT9<\/a><\/p>\n<p>\u2014 Alma69 (@FalcotDian9840) <a href=\"https:\/\/twitter.com\/FalcotDian9840\/status\/2001369857691132192?ref_src=twsrc%5Etfw\" target=\"_blank\" rel=\"noopener\">December 17, 2025<\/a><\/p><\/blockquote>\n<blockquote class=\"twitter-tweet\">\n<p>Super la question indecente de Delormeau \u00e0 Olivier Minne sur sa vente de livres chez Gibert jeune !! Quel couillon !!!<\/p>\n<p>\u2014 L\u2019amid\u00e9chir\u00e9 \ud83e\udd76 (@lamidechire) <a href=\"https:\/\/twitter.com\/lamidechire\/status\/2001369998099644584?ref_src=twsrc%5Etfw\" target=\"_blank\" rel=\"noopener\">December 17, 2025<\/a><\/p><\/blockquote>\n<blockquote class=\"twitter-tweet\">\n<p>Delormeau toujours aussi C.. pourquoi pos\u00e9 une question a Olivier Minne pour le mettre mal \u00e0 l&rsquo;aise&#8230;&#8230;<\/p>\n<p>\u2014 Jacques Rochereau (@JRoc93965) <a href=\"https:\/\/twitter.com\/JRoc93965\/status\/2001373514650243243?ref_src=twsrc%5Etfw\" target=\"_blank\" rel=\"noopener\">December 17, 2025<\/a><\/p><\/blockquote>\n<p>\n          Hits &amp; People en continu\n        <\/p>\n<p>\n          Public Radio\n        <\/p>\n<p>      Mentionn\u00e9s dans cet article<\/p>\n<p>      Sur le m\u00eame sujet<\/p>\n<p>  <script async src=\"https:\/\/platform.twitter.com\/widgets.js\" charset=\"utf-8\"><\/script><\/p>\n","protected":false},"excerpt":{"rendered":"Le passage d\u2019Olivier Minne sur le plateau de TBT9 ce mercredi a donn\u00e9 lieu \u00e0 plusieurs confidences marquantes\u2026&hellip;\n","protected":false},"author":2,"featured_media":606260,"comment_status":"","ping_status":"","sticky":false,"template":"","format":"standard","meta":{"footnotes":""},"categories":[1356],"tags":[58,59,1011,27,7830,17033,252,22498,22497,1364],"class_list":{"0":"post-606259","1":"post","2":"type-post","3":"status-publish","4":"format-standard","5":"has-post-thumbnail","7":"category-television","8":"tag-divertissement","9":"tag-entertainment","10":"tag-fr","11":"tag-france","12":"tag-matthieu-delormeau","13":"tag-olivier-minne","14":"tag-television","15":"tag-tout-9-tbt9","16":"tag-tout-beau","17":"tag-tv"},"share_on_mastodon":{"url":"https:\/\/pubeurope.com\/@fr\/115737483499607085","error":""},"_links":{"self":[{"href":"https:\/\/www.europesays.com\/fr\/wp-json\/wp\/v2\/posts\/606259","targetHints":{"allow":["GET"]}}],"collection":[{"href":"https:\/\/www.europesays.com\/fr\/wp-json\/wp\/v2\/posts"}],"about":[{"href":"https:\/\/www.europesays.com\/fr\/wp-json\/wp\/v2\/types\/post"}],"author":[{"embeddable":true,"href":"https:\/\/www.europesays.com\/fr\/wp-json\/wp\/v2\/users\/2"}],"replies":[{"embeddable":true,"href":"https:\/\/www.europesays.com\/fr\/wp-json\/wp\/v2\/comments?post=606259"}],"version-history":[{"count":0,"href":"https:\/\/www.europesays.com\/fr\/wp-json\/wp\/v2\/posts\/606259\/revisions"}],"wp:featuredmedia":[{"embeddable":true,"href":"https:\/\/www.europesays.com\/fr\/wp-json\/wp\/v2\/media\/606260"}],"wp:attachment":[{"href":"https:\/\/www.europesays.com\/fr\/wp-json\/wp\/v2\/media?parent=606259"}],"wp:term":[{"taxonomy":"category","embeddable":true,"href":"https:\/\/www.europesays.com\/fr\/wp-json\/wp\/v2\/categories?post=606259"},{"taxonomy":"post_tag","embeddable":true,"href":"https:\/\/www.europesays.com\/fr\/wp-json\/wp\/v2\/tags?post=606259"}],"curies":[{"name":"wp","href":"https:\/\/api.w.org\/{rel}","templated":true}]}}