{"id":606263,"date":"2025-12-17T23:24:14","date_gmt":"2025-12-17T23:24:14","guid":{"rendered":"https:\/\/www.europesays.com\/fr\/606263\/"},"modified":"2025-12-17T23:24:14","modified_gmt":"2025-12-17T23:24:14","slug":"amazon-sort-la-bande-annonce-de-son-documentaire-sur-melania-trump","status":"publish","type":"post","link":"https:\/\/www.europesays.com\/fr\/606263\/","title":{"rendered":"Amazon sort la bande-annonce de son documentaire sur Melania Trump"},"content":{"rendered":"<p class=\"mb-4 text-lg md:leading-8 break-words\">Les studios Amazon-MGM ont sorti mercredi la premi\u00e8re bande-annonce du documentaire \u00ab\u00a0Melania\u00a0\u00bb, produit par la Premi\u00e8re dame des Etats-Unis, et qui suit l&rsquo;\u00e9pouse du milliardaire r\u00e9publicain dans les trois semaines avant sa nouvelle investiture \u00e0 la Maison Blanche en janvier.<\/p>\n<p class=\"mb-4 text-lg md:leading-8 break-words\">Le documentaire sortira au cin\u00e9ma le 30 janvier et se vante d&rsquo;offrir un acc\u00e8s \u00ab\u00a0sans pr\u00e9c\u00e9dent\u00a0\u00bb \u00e0 ces 20 jours, \u00ab\u00a0\u00e0 travers les yeux de la Premi\u00e8re dame elle-m\u00eame\u00a0\u00bb.<\/p>\n<p class=\"mb-4 text-lg md:leading-8 break-words\">\u00ab\u00a0Avec des images exclusives capturant des r\u00e9unions cruciales, des conversations priv\u00e9es, et des milieux jamais vus auparavant, +Melania+ pr\u00e9sente le retour de Mme Trump dans l&rsquo;un des r\u00f4les les plus puissants au monde\u00a0\u00bb, souligne Amazon sur son site.<\/p>\n<p class=\"mb-4 text-lg md:leading-8 break-words\">La sortie du documentaire intervient apr\u00e8s un rapprochement marqu\u00e9 au cours de l&rsquo;ann\u00e9e pass\u00e9e entre le fondateur d&rsquo;Amazon, Jeff Bezos, et Donald Trump. L&rsquo;homme d&rsquo;affaires s&rsquo;est notamment vu accorder un si\u00e8ge au premier rang lors de l&rsquo;investiture du r\u00e9publicain le 20 janvier au Capitole.<\/p>\n<p class=\"mb-4 text-lg md:leading-8 break-words\">Selon le Wall Street Journal, Melania Trump touchera plus de 70% des 40 millions de dollars qu&rsquo;Amazon a d\u00e9bours\u00e9s pour financer le documentaire. Une somme bien plus \u00e9lev\u00e9e que l&rsquo;offre de 14 millions faite par Disney, la seconde plus \u00e9lev\u00e9e apr\u00e8s Amazon-MGM, selon le quotidien.<\/p>\n<p class=\"mb-4 text-lg md:leading-8 break-words\">\u00ab\u00a0C&rsquo;est reparti pour un tour\u00a0\u00bb, d\u00e9clare directement \u00e0 la cam\u00e9ra l&rsquo;ancienne mannequin de 55 ans quelques instants avant la seconde prestation de serment de son mari, au d\u00e9but de cette bande-annonce d&rsquo;un peu plus d&rsquo;une minute, o\u00f9 l&rsquo;on peut la voir aller de r\u00e9union en r\u00e9union.<\/p>\n<p class=\"mb-4 text-lg md:leading-8 break-words\">\u00ab\u00a0Bonjour Monsieur le pr\u00e9sident, f\u00e9licitations\u00a0\u00bb, dit-elle \u00e0 un moment par t\u00e9l\u00e9phone \u00e0 son \u00e9poux, que l&rsquo;on peut entendre lui demander: \u00ab\u00a0Tu l&rsquo;as regard\u00e9?\u00a0\u00bb &#8211; ce \u00e0 quoi elle r\u00e9pond: \u00ab\u00a0non, je le verrai aux informations\u00a0\u00bb.<\/p>\n<p class=\"mb-4 text-lg md:leading-8 break-words\">Les Trump vivent la plupart du temps s\u00e9par\u00e9s depuis l&rsquo;entr\u00e9e en fonction du pr\u00e9sident, Melania passant la plus grande partie de son temps \u00e0 New York, o\u00f9 leur fils Barron, \u00e2g\u00e9 de 19 ans, est inscrit \u00e0 l&rsquo;universit\u00e9.<\/p>\n<p class=\"mb-4 text-lg md:leading-8 break-words\">\u00ab\u00a0Melania\u00a0\u00bb marque \u00e9galement le retour derri\u00e8re la cam\u00e9ra de Brett Ratner. R\u00e9alisateur des blockbusters \u00ab\u00a0Rush Hour\u00a0\u00bb et \u00ab\u00a0X-Men l&rsquo;affrontement final\u00a0\u00bb, il avait \u00e9t\u00e9 accus\u00e9 en 2017 de violences sexuelles par les actrices Natasha Henstridge et Olivia Munn, ainsi que quatre autres femmes, en plein mouvement #MeToo.<\/p>\n<p class=\"mb-4 text-lg md:leading-8 break-words\">Le cin\u00e9aste avait rejet\u00e9 ces accusations.<\/p>\n<p class=\"mb-4 text-lg md:leading-8 break-words\">rle\/aem<\/p>\n","protected":false},"excerpt":{"rendered":"Les studios Amazon-MGM ont sorti mercredi la premi\u00e8re bande-annonce du documentaire \u00ab\u00a0Melania\u00a0\u00bb, produit par la Premi\u00e8re dame des&hellip;\n","protected":false},"author":2,"featured_media":606264,"comment_status":"","ping_status":"","sticky":false,"template":"","format":"standard","meta":{"footnotes":""},"categories":[1354],"tags":[58,75,59,1346,1011,27,1324,71771,1360,7274,71772],"class_list":{"0":"post-606263","1":"post","2":"type-post","3":"status-publish","4":"format-standard","5":"has-post-thumbnail","7":"category-films","8":"tag-divertissement","9":"tag-donald-trump","10":"tag-entertainment","11":"tag-films","12":"tag-fr","13":"tag-france","14":"tag-la-maison-blanche","15":"tag-melania","16":"tag-movies","17":"tag-president-americain","18":"tag-x-men-l39affrontement-final"},"share_on_mastodon":{"url":"https:\/\/pubeurope.com\/@fr\/115737491280145840","error":""},"_links":{"self":[{"href":"https:\/\/www.europesays.com\/fr\/wp-json\/wp\/v2\/posts\/606263","targetHints":{"allow":["GET"]}}],"collection":[{"href":"https:\/\/www.europesays.com\/fr\/wp-json\/wp\/v2\/posts"}],"about":[{"href":"https:\/\/www.europesays.com\/fr\/wp-json\/wp\/v2\/types\/post"}],"author":[{"embeddable":true,"href":"https:\/\/www.europesays.com\/fr\/wp-json\/wp\/v2\/users\/2"}],"replies":[{"embeddable":true,"href":"https:\/\/www.europesays.com\/fr\/wp-json\/wp\/v2\/comments?post=606263"}],"version-history":[{"count":0,"href":"https:\/\/www.europesays.com\/fr\/wp-json\/wp\/v2\/posts\/606263\/revisions"}],"wp:featuredmedia":[{"embeddable":true,"href":"https:\/\/www.europesays.com\/fr\/wp-json\/wp\/v2\/media\/606264"}],"wp:attachment":[{"href":"https:\/\/www.europesays.com\/fr\/wp-json\/wp\/v2\/media?parent=606263"}],"wp:term":[{"taxonomy":"category","embeddable":true,"href":"https:\/\/www.europesays.com\/fr\/wp-json\/wp\/v2\/categories?post=606263"},{"taxonomy":"post_tag","embeddable":true,"href":"https:\/\/www.europesays.com\/fr\/wp-json\/wp\/v2\/tags?post=606263"}],"curies":[{"name":"wp","href":"https:\/\/api.w.org\/{rel}","templated":true}]}}