{"id":606269,"date":"2025-12-17T23:27:15","date_gmt":"2025-12-17T23:27:15","guid":{"rendered":"https:\/\/www.europesays.com\/fr\/606269\/"},"modified":"2025-12-17T23:27:15","modified_gmt":"2025-12-17T23:27:15","slug":"christophe-rauck-un-directeur-discret-et-inspire-pour-le-nouveau-theatre-des-amandiers","status":"publish","type":"post","link":"https:\/\/www.europesays.com\/fr\/606269\/","title":{"rendered":"Christophe Rauck, un directeur discret et inspir\u00e9 pour le nouveau th\u00e9\u00e2tre des Amandiers"},"content":{"rendered":"<p>                     <img loading=\"lazy\" decoding=\"async\" src=\"https:\/\/www.europesays.com\/fr\/wp-content\/uploads\/2025\/12\/ba7fd5e_upload-1-zwyqtybiy6q7-amandiers-expo-019.JPG\" alt=\"Christophe Rauck, directeur artistique du Th\u00e9\u00e2tre Nanterre-Amandiers, le 27\u00a0novembre\u00a02025.\"   width=\"664\" height=\"443\"\/>    Christophe Rauck, directeur artistique du Th\u00e9\u00e2tre Nanterre-Amandiers, le 27\u00a0novembre\u00a02025.  ED ALCOCK\/MYOP POUR \u00ab\u00a0LE MONDE\u00a0\u00bb                 <\/p>\n<p class=\"article__paragraph  \">Il est n\u00e9 \u00e0 Creil (Oise) le 7\u00a0novembre\u00a01963, mais c\u2019est \u00e0 Nice qu\u2019il a grandi. Le metteur en sc\u00e8ne Christophe Rauck est un homme du Sud, ce dont ne t\u00e9moigne pas sa longue et coh\u00e9rente carri\u00e8re men\u00e9e dans le nord de la France. Directeur du Th\u00e9\u00e2tre du peuple, \u00e0 Bussang, dans les Vosges (2003-2006), puis du Th\u00e9\u00e2tre G\u00e9rard-Philipe, \u00e0 Saint-Denis (2008-2013), et du Th\u00e9\u00e2tre du Nord, \u00e0 Lille (2013-2020), il est depuis janvier\u00a02021 \u00e0 la t\u00eate de Nanterre-Amandiers.<\/p>\n<p class=\"article__paragraph  \">Autant dire qu\u2019il ronge son frein depuis pr\u00e8s de quatre ans en banlieue parisienne en attendant que soit enfin achev\u00e9e l\u2019ambitieuse r\u00e9habilitation de l\u2019\u00e9tablissement dont la livraison, pr\u00e9vue pour 2024, <a target=\"_blank\" href=\"https:\/\/www.lemonde.fr\/culture\/article\/2025\/09\/16\/douche-froide-au-theatre-nanterre-amandiers-contraint-de-reporter-son-ouverture_6641388_3246.html\" rel=\"noopener\">a accus\u00e9 plusieurs retards<\/a>. Le jeu en valait la chandelle. M\u00e9tamorphose stup\u00e9fiante des espaces d\u2019accueil, cr\u00e9ation d\u2019une salle de 200 places, modernisation des plateaux \u00e9quip\u00e9s de technologies dernier cri, studios flambant neufs pour les artistes en r\u00e9sidence, baies vitr\u00e9es atteignant pr\u00e8s de 12 m\u00e8tres de haut en fa\u00e7ade\u00a0: les architectes norv\u00e9giens de l\u2019agence Snohetta ont vu les choses en grand. La refondation spectaculaire du th\u00e9\u00e2tre le propulse vers l\u2019avenir. Patrice Ch\u00e9reau, qui l\u2019a dirig\u00e9 de 1982 \u00e0 1991, ne le reconna\u00eetrait pas.<\/p>\n<p class=\"reading-mode-only \"><strong>Il vous reste 80.46% de cet article \u00e0 lire. La suite est r\u00e9serv\u00e9e aux abonn\u00e9s.<\/strong><\/p>\n","protected":false},"excerpt":{"rendered":"Christophe Rauck, directeur artistique du Th\u00e9\u00e2tre Nanterre-Amandiers, le 27\u00a0novembre\u00a02025. ED ALCOCK\/MYOP POUR \u00ab\u00a0LE MONDE\u00a0\u00bb Il est n\u00e9 \u00e0&hellip;\n","protected":false},"author":2,"featured_media":606270,"comment_status":"","ping_status":"","sticky":false,"template":"","format":"standard","meta":{"footnotes":""},"categories":[8],"tags":[58,59,1011,27],"class_list":{"0":"post-606269","1":"post","2":"type-post","3":"status-publish","4":"format-standard","5":"has-post-thumbnail","7":"category-divertissement","8":"tag-divertissement","9":"tag-entertainment","10":"tag-fr","11":"tag-france"},"share_on_mastodon":{"url":"https:\/\/pubeurope.com\/@fr\/115737503911519532","error":""},"_links":{"self":[{"href":"https:\/\/www.europesays.com\/fr\/wp-json\/wp\/v2\/posts\/606269","targetHints":{"allow":["GET"]}}],"collection":[{"href":"https:\/\/www.europesays.com\/fr\/wp-json\/wp\/v2\/posts"}],"about":[{"href":"https:\/\/www.europesays.com\/fr\/wp-json\/wp\/v2\/types\/post"}],"author":[{"embeddable":true,"href":"https:\/\/www.europesays.com\/fr\/wp-json\/wp\/v2\/users\/2"}],"replies":[{"embeddable":true,"href":"https:\/\/www.europesays.com\/fr\/wp-json\/wp\/v2\/comments?post=606269"}],"version-history":[{"count":0,"href":"https:\/\/www.europesays.com\/fr\/wp-json\/wp\/v2\/posts\/606269\/revisions"}],"wp:featuredmedia":[{"embeddable":true,"href":"https:\/\/www.europesays.com\/fr\/wp-json\/wp\/v2\/media\/606270"}],"wp:attachment":[{"href":"https:\/\/www.europesays.com\/fr\/wp-json\/wp\/v2\/media?parent=606269"}],"wp:term":[{"taxonomy":"category","embeddable":true,"href":"https:\/\/www.europesays.com\/fr\/wp-json\/wp\/v2\/categories?post=606269"},{"taxonomy":"post_tag","embeddable":true,"href":"https:\/\/www.europesays.com\/fr\/wp-json\/wp\/v2\/tags?post=606269"}],"curies":[{"name":"wp","href":"https:\/\/api.w.org\/{rel}","templated":true}]}}