{"id":60627,"date":"2025-04-29T01:24:09","date_gmt":"2025-04-29T01:24:09","guid":{"rendered":"https:\/\/www.europesays.com\/fr\/60627\/"},"modified":"2025-04-29T01:24:09","modified_gmt":"2025-04-29T01:24:09","slug":"donald-trump-samuse-beaucoup-depuis-son-retour-a-la-maison-blanche","status":"publish","type":"post","link":"https:\/\/www.europesays.com\/fr\/60627\/","title":{"rendered":"Donald Trump \u00abs\u2019amuse beaucoup\u00bb depuis son retour \u00e0 la Maison-Blanche"},"content":{"rendered":"<p>Le pr\u00e9sident am\u00e9ricain, dans un entretien \u00e0 The Atlantic, affirme qu\u2019il devait \u00abdiriger le pays et survivre\u00bb au cours de son premier mandat.<\/p>\n<p class=\"fig-paragraph\">Donald Trump avait annonc\u00e9 qu\u2019il donnerait \u00abpar curiosit\u00e9\u00bb\u00a0<a href=\"http:\/\/www.lefigaro.fr\/international\/etats-unis-trump-va-donner-une-interview-au-journaliste-a-l-origine-de-revelations-sur-une-faille-de-securite-20250424\" target=\"_blank\" data-fig-type=\"NewsFlash\" rel=\"noopener\" data-gtm-custom-categorie=\"navigation\" data-gtm-custom-action=\"crossclick\" data-gtm-custom-label=\"Contextuel\" data-gtm-event=\"customEventSPE\" data-fig-domain=\"LEFIGARO\">une interview au r\u00e9dacteur en chef de The Atlantic<\/a>, quelques semaines\u00a0<a href=\"http:\/\/www.lefigaro.fr\/secteur\/high-tech\/fuite-de-plans-militaires-sur-les-reseaux-sociaux-les-americains-se-moquent-de-l-amateurisme-de-l-administration-trump-20250326\" target=\"_blank\" data-fig-type=\"NewsFlash\" rel=\"noopener\" data-gtm-custom-categorie=\"navigation\" data-gtm-custom-action=\"crossclick\" data-gtm-custom-label=\"Contextuel\" data-gtm-event=\"customEventSPE\" data-fig-domain=\"LEFIGARO\">apr\u00e8s les r\u00e9v\u00e9lations de ce dernier sur une faille de s\u00e9curit\u00e9 du gouvernement<\/a>, d\u00e9nonc\u00e9es par le pr\u00e9sident am\u00e9ricain comme une \u00abchasse aux sorci\u00e8res\u00bb. Ce lundi, le magazine mensuel a publi\u00e9 sur son site un long r\u00e9cit sur la transformation radicale des \u00c9tats-Unis et du monde depuis le retour de Donald Trump \u00e0 la Maison-Blanche.<\/p>\n<p class=\"fig-paragraph\">Dans\u00a0<a href=\"https:\/\/www.theatlantic.com\/magazine\/archive\/2025\/06\/trump-second-term-comeback\/682573\/\" target=\"_blank\" rel=\"nofollow noopener\" data-gtm-custom-categorie=\"navigation\" data-gtm-custom-action=\"crossclick\" data-gtm-custom-label=\"Contextuel\" data-gtm-event=\"customEventSPE\">cet entretien<\/a>, le 47e pr\u00e9sident des \u00c9tats-Unis a affirm\u00e9 que son deuxi\u00e8me mandat, apr\u00e8s sa victoire le 5 novembre 2024, \u00e9tait diff\u00e9rent de son premier passage \u00e0 la t\u00eate du pays. \u00abLa premi\u00e8re fois, j\u2019avais deux choses \u00e0 faire\u00a0: diriger le pays et survivre, a-t-il affirm\u00e9 \u00e0 nos confr\u00e8res. Je devais faire face \u00e0 tous ces escrocs. Et cette fois-ci, je dirige le pays et le monde.\u00bb Le r\u00e9publicain a m\u00eame confi\u00e9 qu\u2019il avait pris du plaisir\u00a0<a href=\"http:\/\/madame.lefigaro.fr\/societe\/actu\/le-fantome-de-washington-qu-a-fait-melania-trump-durant-les-100-premiers-jours-du-mandat-presidentiel-de-son-mari-20250428\" target=\"_blank\" data-fig-type=\"Article\" rel=\"noopener\" data-gtm-custom-categorie=\"navigation\" data-gtm-custom-action=\"crossclick\" data-gtm-custom-label=\"Contextuel\" data-gtm-event=\"customEventSPE\" data-fig-domain=\"MADAME\">au cours de ses 100 premiers jours pass\u00e9s \u00e0 la Maison-Blanche<\/a>, plus que lors de son premier passage (2017-2021). \u00abJe m\u2019amuse beaucoup, vu ce que je fais, a-t-il confirm\u00e9. Vous savez, ce que je fais est vraiment s\u00e9rieux.\u00bb<\/p>\n<p class=\"fig-paragraph\">En pleine guerre commerciale avec de nombreux pays, le pr\u00e9sident am\u00e9ricain s\u2019est lanc\u00e9 \u00e0 des comparaisons avec ses pr\u00e9d\u00e9cesseurs. S\u2019il conc\u00e8de \u00abaimer\u00bb le \u00abstyle\u00bb\u00a0<a href=\"http:\/\/www.lefigaro.fr\/vox\/monde\/donald-trump-ou-la-troisieme-mort-de-ronald-reagan-20250224\" target=\"_blank\" data-fig-type=\"Article\" rel=\"noopener\" data-gtm-custom-categorie=\"navigation\" data-gtm-custom-action=\"crossclick\" data-gtm-custom-label=\"Contextuel\" data-gtm-event=\"customEventSPE\" data-fig-domain=\"LEFIGARO\">de Ronald Reagan (1981-1989)<\/a>, dont l\u2019h\u00e9ritage est le plus proche de celui qu\u2019il aimerait laisser, le milliardaire tacle les m\u00e9thodes de l\u2019ex-gouverneur de Californie sur le plan \u00e9conomique. \u00abIl n\u2019\u00e9tait pas dou\u00e9 en mati\u00e8re de commerce, vraiment nul\u00bb, a-t-il jug\u00e9. Donald Trump a \u00e9galement tanc\u00e9 le bilan migratoire d\u2019un autre pr\u00e9sident issu des r\u00e9publicains. \u00abLe plus dur en mati\u00e8re d\u2019immigration \u00e9tait (Dwight D.) Eisenhower (1953-1961), croyez-le ou non, a souffl\u00e9 Donald Trump. Il \u00e9tait dur, et il ne voulait tout simplement pas que les gens entrent ill\u00e9galement, comme moi, vous savez. Moi, je suis excellent en mati\u00e8re de commerce.\u00bb\u00a0<\/p>\n","protected":false},"excerpt":{"rendered":"Le pr\u00e9sident am\u00e9ricain, dans un entretien \u00e0 The Atlantic, affirme qu\u2019il devait \u00abdiriger le pays et survivre\u00bb au&hellip;\n","protected":false},"author":2,"featured_media":60628,"comment_status":"","ping_status":"","sticky":false,"template":"","format":"standard","meta":{"footnotes":""},"categories":[5],"tags":[259,11,260,75,15773,73,1011,27,14,261,12,262,15772,28],"class_list":{"0":"post-60627","1":"post","2":"type-post","3":"status-publish","4":"format-standard","5":"has-post-thumbnail","7":"category-international","8":"tag-actualite-internationale","9":"tag-actualites","10":"tag-affaires-etrangeres","11":"tag-donald-trump","12":"tag-dwight-eisenhower","13":"tag-etats-unis","14":"tag-fr","15":"tag-france","16":"tag-international","17":"tag-ministere-des-affaires-etrangeres","18":"tag-news","19":"tag-politique-etrangere","20":"tag-ronald-reagan","21":"tag-world"},"share_on_mastodon":{"url":"https:\/\/pubeurope.com\/@fr\/114418644625894520","error":""},"_links":{"self":[{"href":"https:\/\/www.europesays.com\/fr\/wp-json\/wp\/v2\/posts\/60627","targetHints":{"allow":["GET"]}}],"collection":[{"href":"https:\/\/www.europesays.com\/fr\/wp-json\/wp\/v2\/posts"}],"about":[{"href":"https:\/\/www.europesays.com\/fr\/wp-json\/wp\/v2\/types\/post"}],"author":[{"embeddable":true,"href":"https:\/\/www.europesays.com\/fr\/wp-json\/wp\/v2\/users\/2"}],"replies":[{"embeddable":true,"href":"https:\/\/www.europesays.com\/fr\/wp-json\/wp\/v2\/comments?post=60627"}],"version-history":[{"count":0,"href":"https:\/\/www.europesays.com\/fr\/wp-json\/wp\/v2\/posts\/60627\/revisions"}],"wp:featuredmedia":[{"embeddable":true,"href":"https:\/\/www.europesays.com\/fr\/wp-json\/wp\/v2\/media\/60628"}],"wp:attachment":[{"href":"https:\/\/www.europesays.com\/fr\/wp-json\/wp\/v2\/media?parent=60627"}],"wp:term":[{"taxonomy":"category","embeddable":true,"href":"https:\/\/www.europesays.com\/fr\/wp-json\/wp\/v2\/categories?post=60627"},{"taxonomy":"post_tag","embeddable":true,"href":"https:\/\/www.europesays.com\/fr\/wp-json\/wp\/v2\/tags?post=60627"}],"curies":[{"name":"wp","href":"https:\/\/api.w.org\/{rel}","templated":true}]}}