{"id":606275,"date":"2025-12-17T23:30:21","date_gmt":"2025-12-17T23:30:21","guid":{"rendered":"https:\/\/www.europesays.com\/fr\/606275\/"},"modified":"2025-12-17T23:30:21","modified_gmt":"2025-12-17T23:30:21","slug":"la-police-recherche-une-personne-vue-a-proximite-du-suspect-principal","status":"publish","type":"post","link":"https:\/\/www.europesays.com\/fr\/606275\/","title":{"rendered":"la police recherche une personne vue \u00e0 proximit\u00e9 du suspect principal"},"content":{"rendered":"<p>                      <img loading=\"lazy\" decoding=\"async\" src=\"https:\/\/www.europesays.com\/fr\/wp-content\/uploads\/2025\/12\/9533cc0_ftp-1-hk5pb0o1xkhq-5691619-01-06.jpg\" alt=\"Des \u00e9tudiants de l\u2019universit\u00e9 Brown observent un moment de recueillement devant un m\u00e9morial improvis\u00e9 en hommage aux victimes de la fusillade du 13\u00a0d\u00e9cembre, \u00e0 l\u2019ext\u00e9rieur du campus de l\u2019universit\u00e9 Brown, \u00e0 Providence, dans l\u2019\u00c9tat de Rhode Island, le 15\u00a0d\u00e9cembre 2025.\"   width=\"664\" height=\"443\"\/>    Des \u00e9tudiants de l\u2019universit\u00e9 Brown observent un moment de recueillement devant un m\u00e9morial improvis\u00e9 en hommage aux victimes de la fusillade du 13\u00a0d\u00e9cembre, \u00e0 l\u2019ext\u00e9rieur du campus de l\u2019universit\u00e9 Brown, \u00e0 Providence, dans l\u2019\u00c9tat de Rhode Island, le 15\u00a0d\u00e9cembre 2025.  BING GUAN \/ AFP                          <\/p>\n<p class=\"article__paragraph  \">Au cinqui\u00e8me jour de l\u2019enqu\u00eate, une deuxi\u00e8me personne est recherch\u00e9e apr\u00e8s les tirs qui ont fait deux morts et neuf bless\u00e9s \u00e0 l\u2019universit\u00e9 am\u00e9ricaine Brown samedi, a annonc\u00e9 la police de la ville de Providence, dans l\u2019Etat de Rhode Island, mercredi 17\u00a0d\u00e9cembre.<\/p>\n<p class=\"article__paragraph  \">Les enqu\u00eateurs \u00ab\u00a0sollicitent l\u2019aide du public pour identifier et parler \u00e0 [un] individu\u00a0\u00bb vu \u00ab\u00a0\u00e0 proximit\u00e9\u00a0\u00bb du suspect, est-il pr\u00e9cis\u00e9 dans un message post\u00e9 sur X. La police a diffus\u00e9 trois photos de cette personne, dont le visage est flout\u00e9. L\u2019individu y appara\u00eet v\u00eatu de bleu marine, coiff\u00e9 de ce qui semble \u00eatre une capuche verte et portant un sac de couleur claire.<\/p>\n<p class=\"article__paragraph  \">Les forces de l\u2019ordre ont d\u00e9j\u00e0 publi\u00e9 plusieurs photos et vid\u00e9os d\u2019un suspect \u00ab\u00a0mesurant environ 1,73\u00a0m\u00e8tre, de corpulence trapue\u00a0\u00bb, v\u00eatu de couleurs sombres, le visage couvert d\u2019un masque chirurgical et coiff\u00e9 d\u2019un bonnet.<\/p>\n<p>                                                                  Identit\u00e9 du tireur encore inconnue                    <\/p>\n<p class=\"article__paragraph  \">Une r\u00e9compense de 50\u00a0000\u00a0dollars (42\u00a0500\u00a0euros environ) a \u00e9t\u00e9 promise \u00ab\u00a0pour toute information conduisant \u00e0 l\u2019identification, l\u2019arrestation et la condamnation de l\u2019auteur\u00a0\u00bb, consid\u00e9r\u00e9 comme \u00ab\u00a0arm\u00e9 et dangereux\u00a0\u00bb.<\/p>\n<p class=\"article__paragraph  \">Le tireur a ouvert le feu samedi dans le b\u00e2timent d\u2019ing\u00e9nierie et de physique de Brown, o\u00f9 des examens se d\u00e9roulaient, tuant deux \u00e9tudiants, Ella Cook et Mukhammad Aziz Umurzokov, et en blessant neuf autres, dont les noms n\u2019ont pas \u00e9t\u00e9 donn\u00e9s.<\/p>\n<p class=\"article__paragraph  \">Une \u00ab\u00a0veill\u00e9e virtuelle de pri\u00e8re interconfessionnelle\u00a0\u00bb \u00e9tait pr\u00e9vue par l\u2019universit\u00e9 mercredi pour rendre hommage aux victimes.<\/p>\n<p class=\"article__paragraph  \">Dimanche, un homme a \u00e9t\u00e9 arr\u00eat\u00e9, avant d\u2019\u00eatre <a href=\"https:\/\/www.lemonde.fr\/international\/article\/2025\/12\/15\/apres-l-attaque-a-l-arme-a-feu-sur-un-campus-aux-etats-unis-qui-a-fait-deux-morts-la-personne-interpellee-va-etre-liberee_6657624_3210.html\" target=\"_blank\" rel=\"noopener\">rel\u00e2ch\u00e9 faute d\u2019\u00e9l\u00e9ments l\u2019incriminant<\/a>. En fin de journ\u00e9e mardi, Brown a publi\u00e9 un communiqu\u00e9 d\u00e9non\u00e7ant des accusations port\u00e9es sur les r\u00e9seaux sociaux contre l\u2019un de ses \u00e9tudiants.<\/p>\n<p class=\"author__detail\">  Le Monde avec AFP  <\/p>\n<p>                <a href=\"https:\/\/www.lemonde.fr\/syndication\/\" class=\"reuse__content\" title=\"R\u00e9utiliser ce contenu\" target=\"_blank\" rel=\"noopener\">R\u00e9utiliser ce contenu<\/a>      <\/p>\n","protected":false},"excerpt":{"rendered":"Des \u00e9tudiants de l\u2019universit\u00e9 Brown observent un moment de recueillement devant un m\u00e9morial improvis\u00e9 en hommage aux victimes&hellip;\n","protected":false},"author":2,"featured_media":606276,"comment_status":"","ping_status":"","sticky":false,"template":"","format":"standard","meta":{"footnotes":""},"categories":[5],"tags":[11,1011,27,14,12,28],"class_list":{"0":"post-606275","1":"post","2":"type-post","3":"status-publish","4":"format-standard","5":"has-post-thumbnail","7":"category-international","8":"tag-actualites","9":"tag-fr","10":"tag-france","11":"tag-international","12":"tag-news","13":"tag-world"},"share_on_mastodon":{"url":"https:\/\/pubeurope.com\/@fr\/115737515501515789","error":""},"_links":{"self":[{"href":"https:\/\/www.europesays.com\/fr\/wp-json\/wp\/v2\/posts\/606275","targetHints":{"allow":["GET"]}}],"collection":[{"href":"https:\/\/www.europesays.com\/fr\/wp-json\/wp\/v2\/posts"}],"about":[{"href":"https:\/\/www.europesays.com\/fr\/wp-json\/wp\/v2\/types\/post"}],"author":[{"embeddable":true,"href":"https:\/\/www.europesays.com\/fr\/wp-json\/wp\/v2\/users\/2"}],"replies":[{"embeddable":true,"href":"https:\/\/www.europesays.com\/fr\/wp-json\/wp\/v2\/comments?post=606275"}],"version-history":[{"count":0,"href":"https:\/\/www.europesays.com\/fr\/wp-json\/wp\/v2\/posts\/606275\/revisions"}],"wp:featuredmedia":[{"embeddable":true,"href":"https:\/\/www.europesays.com\/fr\/wp-json\/wp\/v2\/media\/606276"}],"wp:attachment":[{"href":"https:\/\/www.europesays.com\/fr\/wp-json\/wp\/v2\/media?parent=606275"}],"wp:term":[{"taxonomy":"category","embeddable":true,"href":"https:\/\/www.europesays.com\/fr\/wp-json\/wp\/v2\/categories?post=606275"},{"taxonomy":"post_tag","embeddable":true,"href":"https:\/\/www.europesays.com\/fr\/wp-json\/wp\/v2\/tags?post=606275"}],"curies":[{"name":"wp","href":"https:\/\/api.w.org\/{rel}","templated":true}]}}