{"id":606279,"date":"2025-12-17T23:33:21","date_gmt":"2025-12-17T23:33:21","guid":{"rendered":"https:\/\/www.europesays.com\/fr\/606279\/"},"modified":"2025-12-17T23:33:21","modified_gmt":"2025-12-17T23:33:21","slug":"sur-rtl-muriel-robin-reagit-a-la-polemique-sales-connes-autour-de-brigitte-macron","status":"publish","type":"post","link":"https:\/\/www.europesays.com\/fr\/606279\/","title":{"rendered":"sur RTL, Muriel Robin r\u00e9agit \u00e0 la pol\u00e9mique \u00ab\u00a0sales connes\u00a0\u00bb autour de Brigitte Macron"},"content":{"rendered":"<p class=\"article-p mdl\">Muriel Robin r\u00e9agit pour la premi\u00e8re fois \u00e0 la\u00a0<a class=\"link\" href=\"https:\/\/www.rtl.fr\/culture\/medias-people\/brigitte-macron-qualifie-de-sales-connes-les-militantes-feministes-qui-ont-interrompu-le-spectacle-d-ary-abittan-7900575441\" target=\"_blank\" rel=\"noopener\">pol\u00e9mique \u00ab\u00a0sales connes\u00a0\u00bb de Brigitte Macron<\/a>. La com\u00e9dienne, qui dit conna\u00eetre un peu la premi\u00e8re dame, \u00ab\u00a0pas beaucoup\u00a0\u00bb, n&rsquo;explique pas ses propos. \u00ab\u00a0Je ne la reconnais pas quand elle fait \u00e7a\u00a0\u00bb, d\u00e9clare-t-elle au micro de RTL ce mercredi 17 d\u00e9cembre, interrog\u00e9e dans le cadre de la promotion du film La pire m\u00e8re au monde, qui sort le 24 d\u00e9cembre au cin\u00e9ma. Dans ce long-m\u00e9trage r\u00e9alis\u00e9 par Pierre Mazingarbe, elle donne la r\u00e9plique \u00e0 Louise Bourgoin.<\/p>\n<p class=\"article-p mdl\">\u00ab\u00a0On peut imaginer que la premi\u00e8re dame se tait beaucoup. C&rsquo;est comme si elle avait un ras-le-bol de se taire\u00a0\u00bb, analyse l&rsquo;actrice. Et de regretter : \u00ab\u00a0Il y a des trucs qui sortent et tout d&rsquo;un coup il y a un truc pas possible. Impossible d&rsquo;entendre. Mais c&rsquo;est sorti.\u00a0\u00bb\u00a0<\/p>\n<p class=\"article-p mdl\">L&rsquo;humoriste de 70 ans, qui a \u00ab\u00a0toujours de l&#8217;empathie pour tout le monde\u00a0\u00bb, estime qu'\u00a0\u00bbon ne peut pas dire \u00e7a\u00a0\u00bb. \u00ab\u00a0Elle s&rsquo;adresse aux trois personnes ou quatre femmes qui sont l\u00e0. Alors c&rsquo;est un cercle priv\u00e9, oui d&rsquo;accord, mais \u00e7a ne va pas, c&rsquo;est dommage.\u00a0\u00bb<\/p>\n<p class=\"article-p mdl\">La pol\u00e9mique autour de Brigitte Macron est n\u00e9e de ses propos envers des militantes f\u00e9ministes qui ont interrompu un spectacle de Ary Abittan, les qualifiant de \u00ab\u00a0sales connes\u00a0\u00bb. L&rsquo;\u00e9pouse du pr\u00e9sident de la R\u00e9publique s&rsquo;est dit\u00a0<a class=\"link\" href=\"https:\/\/www.rtl.fr\/actu\/politique\/polemique-sales-connes-brigitte-macron-se-dit-desolee-si-elle-a-blesse-les-femmes-victimes-7900578557\" target=\"_blank\" rel=\"noopener\">\u00ab\u00a0d\u00e9sol\u00e9e envers les femmes victimes\u00a0\u00bb<\/a>, expliquant que ses propos devaient rester dans la sph\u00e8re du priv\u00e9 et destin\u00e9s \u00e0 \u00ab\u00a0quatre personnes\u00a0\u00bb.\u00a0<\/p>\n<p class=\"article-p mdl\">L&rsquo;association f\u00e9ministe\u00a0<a class=\"link\" href=\"https:\/\/www.rtl.fr\/actu\/justice-faits-divers\/sales-connes-une-plainte-deposee-contre-brigitte-macron-pour-injure-publique-par-des-associations-et-militantes-feministes-7900578700\" target=\"_blank\" rel=\"noopener\">Les Tricoteuses hyst\u00e9riques a annonc\u00e9 avoir d\u00e9pos\u00e9 plainte<\/a>\u00a0mardi 16 d\u00e9cembre pour injure publique contre Brigitte Macron.\u00a0Cette plainte est \u00ab\u00a0d\u00e9pos\u00e9e au nom de 343 femmes et associations, qui se d\u00e9clarent collectivement et individuellement atteintes par ces propos\u00a0\u00bb, indique l&rsquo;association fond\u00e9e \u00e0 la suite du proc\u00e8s des\u00a0<a class=\"link\" href=\"https:\/\/www.rtl.fr\/actu\/justice-faits-divers\/viols-de-mazan-aujourd-hui-on-est-une-famille-brisee-assure-caroline-darian-la-fille-de-gisele-pelicot-sur-rtl-7900483453\" target=\"_blank\" rel=\"noopener\">viols de Mazan<\/a>.\u00a0\u00a0<\/p>\n<p>    La r\u00e9daction vous recommande<\/p>\n<p class=\"s-newsletter__title\">\n                L\u2019actualit\u00e9 par la r\u00e9daction de RTL dans votre bo\u00eete mail.\n            <\/p>\n<p class=\"s-newsletter__subtitle\">\n                Gr\u00e2ce \u00e0 votre compte RTL abonnez-vous \u00e0 la newsletter RTL info pour suivre toute l&rsquo;actualit\u00e9 au quotidien\n            <\/p>\n<p>\n                                    Lire la suite\n                                <\/p>\n","protected":false},"excerpt":{"rendered":"Muriel Robin r\u00e9agit pour la premi\u00e8re fois \u00e0 la\u00a0pol\u00e9mique \u00ab\u00a0sales connes\u00a0\u00bb de Brigitte Macron. La com\u00e9dienne, qui dit&hellip;\n","protected":false},"author":2,"featured_media":606280,"comment_status":"","ping_status":"","sticky":false,"template":"","format":"standard","meta":{"footnotes":""},"categories":[2],"tags":[11,898,19796,986,6757,2414,107,1011,27,11764,12],"class_list":{"0":"post-606279","1":"post","2":"type-post","3":"status-publish","4":"format-standard","5":"has-post-thumbnail","7":"category-actualites","8":"tag-actualites","9":"tag-alerte","10":"tag-ary-abittan","11":"tag-brigitte-macron","12":"tag-feminisme","13":"tag-fil-culture","14":"tag-fil-info","15":"tag-fr","16":"tag-france","17":"tag-muriel-robin","18":"tag-news"},"share_on_mastodon":{"url":"https:\/\/pubeurope.com\/@fr\/115737526593341958","error":""},"_links":{"self":[{"href":"https:\/\/www.europesays.com\/fr\/wp-json\/wp\/v2\/posts\/606279","targetHints":{"allow":["GET"]}}],"collection":[{"href":"https:\/\/www.europesays.com\/fr\/wp-json\/wp\/v2\/posts"}],"about":[{"href":"https:\/\/www.europesays.com\/fr\/wp-json\/wp\/v2\/types\/post"}],"author":[{"embeddable":true,"href":"https:\/\/www.europesays.com\/fr\/wp-json\/wp\/v2\/users\/2"}],"replies":[{"embeddable":true,"href":"https:\/\/www.europesays.com\/fr\/wp-json\/wp\/v2\/comments?post=606279"}],"version-history":[{"count":0,"href":"https:\/\/www.europesays.com\/fr\/wp-json\/wp\/v2\/posts\/606279\/revisions"}],"wp:featuredmedia":[{"embeddable":true,"href":"https:\/\/www.europesays.com\/fr\/wp-json\/wp\/v2\/media\/606280"}],"wp:attachment":[{"href":"https:\/\/www.europesays.com\/fr\/wp-json\/wp\/v2\/media?parent=606279"}],"wp:term":[{"taxonomy":"category","embeddable":true,"href":"https:\/\/www.europesays.com\/fr\/wp-json\/wp\/v2\/categories?post=606279"},{"taxonomy":"post_tag","embeddable":true,"href":"https:\/\/www.europesays.com\/fr\/wp-json\/wp\/v2\/tags?post=606279"}],"curies":[{"name":"wp","href":"https:\/\/api.w.org\/{rel}","templated":true}]}}