{"id":606283,"date":"2025-12-17T23:35:38","date_gmt":"2025-12-17T23:35:38","guid":{"rendered":"https:\/\/www.europesays.com\/fr\/606283\/"},"modified":"2025-12-17T23:35:38","modified_gmt":"2025-12-17T23:35:38","slug":"saint-etienne-en-bresse-66-aines-gates-pour-les-fetes","status":"publish","type":"post","link":"https:\/\/www.europesays.com\/fr\/606283\/","title":{"rendered":"Saint-\u00c9tienne-en-Bresse. 66 a\u00een\u00e9s g\u00e2t\u00e9s pour les f\u00eates"},"content":{"rendered":"<p>Samedi matin, les membres du centre communal d\u2019action sociale et les \u00e9lus de Saint-Etienne-en-Bresse ont proc\u00e9d\u00e9 \u00e0 la distribution des colis aux habitants de plus de 70 ans. Cette ann\u00e9e, il y a 62 colis et quatre destin\u00e9s aux personnes r\u00e9sidant dans des maisons de retraite voisines. Ils sont destin\u00e9s \u00e0 ceux qui ne participeront pas au repas des a\u00een\u00e9s le 24\u00a0janvier prochain. D\u2019un co\u00fbt de 32\u00a0euros l\u2019unit\u00e9, ces colis ont \u00e9t\u00e9 confectionn\u00e9s par les commer\u00e7ants locaux (boucherie et boulangerie) avec petits fours, bouch\u00e9es aux fruits de mer, poularde au vin jaune accompagn\u00e9e de ch\u00e2taignes et patates douces, b\u00fbches, chocolats,\u00a0etc.<\/p>\n","protected":false},"excerpt":{"rendered":"Samedi matin, les membres du centre communal d\u2019action sociale et les \u00e9lus de Saint-Etienne-en-Bresse ont proc\u00e9d\u00e9 \u00e0 la&hellip;\n","protected":false},"author":2,"featured_media":606284,"comment_status":"","ping_status":"","sticky":false,"template":"","format":"standard","meta":{"footnotes":""},"categories":[9653],"tags":[1111,11,2430,1687,6238,1777,674,107,1011,27,17760,12,25,4001,17759],"class_list":{"0":"post-606283","1":"post","2":"type-post","3":"status-publish","4":"format-standard","5":"has-post-thumbnail","7":"category-saint-etienne","8":"tag-actu","9":"tag-actualites","10":"tag-auvergne-rhone-alpes","11":"tag-culture-loisirs","12":"tag-edition-bresse","13":"tag-eu","14":"tag-europe","15":"tag-fil-info","16":"tag-fr","17":"tag-france","18":"tag-louhans-bassin","19":"tag-news","20":"tag-republique-francaise","21":"tag-saint-etienne","22":"tag-saint-etienne-en-bresse"},"share_on_mastodon":{"url":"https:\/\/pubeurope.com\/@fr\/115737534347094411","error":""},"_links":{"self":[{"href":"https:\/\/www.europesays.com\/fr\/wp-json\/wp\/v2\/posts\/606283","targetHints":{"allow":["GET"]}}],"collection":[{"href":"https:\/\/www.europesays.com\/fr\/wp-json\/wp\/v2\/posts"}],"about":[{"href":"https:\/\/www.europesays.com\/fr\/wp-json\/wp\/v2\/types\/post"}],"author":[{"embeddable":true,"href":"https:\/\/www.europesays.com\/fr\/wp-json\/wp\/v2\/users\/2"}],"replies":[{"embeddable":true,"href":"https:\/\/www.europesays.com\/fr\/wp-json\/wp\/v2\/comments?post=606283"}],"version-history":[{"count":0,"href":"https:\/\/www.europesays.com\/fr\/wp-json\/wp\/v2\/posts\/606283\/revisions"}],"wp:featuredmedia":[{"embeddable":true,"href":"https:\/\/www.europesays.com\/fr\/wp-json\/wp\/v2\/media\/606284"}],"wp:attachment":[{"href":"https:\/\/www.europesays.com\/fr\/wp-json\/wp\/v2\/media?parent=606283"}],"wp:term":[{"taxonomy":"category","embeddable":true,"href":"https:\/\/www.europesays.com\/fr\/wp-json\/wp\/v2\/categories?post=606283"},{"taxonomy":"post_tag","embeddable":true,"href":"https:\/\/www.europesays.com\/fr\/wp-json\/wp\/v2\/tags?post=606283"}],"curies":[{"name":"wp","href":"https:\/\/api.w.org\/{rel}","templated":true}]}}