{"id":606285,"date":"2025-12-17T23:37:29","date_gmt":"2025-12-17T23:37:29","guid":{"rendered":"https:\/\/www.europesays.com\/fr\/606285\/"},"modified":"2025-12-17T23:37:29","modified_gmt":"2025-12-17T23:37:29","slug":"theatre-contemporain-on-peut-se-tromper-avec-les-energuscene","status":"publish","type":"post","link":"https:\/\/www.europesays.com\/fr\/606285\/","title":{"rendered":"Th\u00e9\u00e2tre contemporain On peut se tromper\u00a0! avec les Energu\u2019Sc\u00e8ne"},"content":{"rendered":"<p>La troupe de com\u00e9diens amateurs Les Energu\u2019Sc\u00e8ne pr\u00e9sente son dernier spectacle On peut se tromper\u00a0! Une com\u00e9die pleine de quiproquos de Jean-Yves Ghatelain. Les b\u00e9n\u00e9fices de la repr\u00e9sentation seront destin\u00e9s \u00e0 l\u2019association Le Rire M\u00e9decin pour permettre de financer la venue de com\u00e9diens clowns hospitaliers aupr\u00e8s des enfants hospitalis\u00e9s au CHRU de Nancy.<\/p>\n<p class=\"note\">Vendredi 19\u00a0d\u00e9cembre, \u00e0 20\u00a0h\u00a030, au foyer rural, 1, rue du T\u00e9m\u00e9raire, \u00e0 Bouxi\u00e8res-aux-Dames. Tarifs\u00a0: 11\u00a0\u20ac et 9\u00a0\u20ac. R\u00e9servations au 03\u00a083\u00a022\u00a069\u00a018.<\/p>\n","protected":false},"excerpt":{"rendered":"La troupe de com\u00e9diens amateurs Les Energu\u2019Sc\u00e8ne pr\u00e9sente son dernier spectacle On peut se tromper\u00a0! Une com\u00e9die pleine&hellip;\n","protected":false},"author":2,"featured_media":606286,"comment_status":"","ping_status":"","sticky":false,"template":"","format":"standard","meta":{"footnotes":""},"categories":[9635],"tags":[1111,11,19709,13561,1687,1704,1777,674,1011,27,775,1702,12,25,3140],"class_list":{"0":"post-606285","1":"post","2":"type-post","3":"status-publish","4":"format-standard","5":"has-post-thumbnail","7":"category-nancy","8":"tag-actu","9":"tag-actualites","10":"tag-bouxieres-aux-dames","11":"tag-cc-du-bassin-de-pompey-54b2","12":"tag-culture-loisirs","13":"tag-edition-nancy-et-agglomeration","14":"tag-eu","15":"tag-europe","16":"tag-fr","17":"tag-france","18":"tag-grand-est","19":"tag-nancy","20":"tag-news","21":"tag-republique-francaise","22":"tag-spectacle"},"share_on_mastodon":{"url":"https:\/\/pubeurope.com\/@fr\/115737542364586241","error":""},"_links":{"self":[{"href":"https:\/\/www.europesays.com\/fr\/wp-json\/wp\/v2\/posts\/606285","targetHints":{"allow":["GET"]}}],"collection":[{"href":"https:\/\/www.europesays.com\/fr\/wp-json\/wp\/v2\/posts"}],"about":[{"href":"https:\/\/www.europesays.com\/fr\/wp-json\/wp\/v2\/types\/post"}],"author":[{"embeddable":true,"href":"https:\/\/www.europesays.com\/fr\/wp-json\/wp\/v2\/users\/2"}],"replies":[{"embeddable":true,"href":"https:\/\/www.europesays.com\/fr\/wp-json\/wp\/v2\/comments?post=606285"}],"version-history":[{"count":0,"href":"https:\/\/www.europesays.com\/fr\/wp-json\/wp\/v2\/posts\/606285\/revisions"}],"wp:featuredmedia":[{"embeddable":true,"href":"https:\/\/www.europesays.com\/fr\/wp-json\/wp\/v2\/media\/606286"}],"wp:attachment":[{"href":"https:\/\/www.europesays.com\/fr\/wp-json\/wp\/v2\/media?parent=606285"}],"wp:term":[{"taxonomy":"category","embeddable":true,"href":"https:\/\/www.europesays.com\/fr\/wp-json\/wp\/v2\/categories?post=606285"},{"taxonomy":"post_tag","embeddable":true,"href":"https:\/\/www.europesays.com\/fr\/wp-json\/wp\/v2\/tags?post=606285"}],"curies":[{"name":"wp","href":"https:\/\/api.w.org\/{rel}","templated":true}]}}