{"id":606287,"date":"2025-12-17T23:38:37","date_gmt":"2025-12-17T23:38:37","guid":{"rendered":"https:\/\/www.europesays.com\/fr\/606287\/"},"modified":"2025-12-17T23:38:37","modified_gmt":"2025-12-17T23:38:37","slug":"lasnl-ne-sera-pas-entendue-par-la-dncg-cet-hiver","status":"publish","type":"post","link":"https:\/\/www.europesays.com\/fr\/606287\/","title":{"rendered":"l\u2019ASNL ne sera pas entendue par la DNCG cet hiver"},"content":{"rendered":"<p>Une tr\u00e8s bonne nouvelle pour l\u2019actuel quinzi\u00e8me du championnat de Ligue 2. Alors que l\u2019ensemble des clubs fran\u00e7ais passe en ce moment des rendez-vous d\u00e9terminants devant la Direction Nationale du Contr\u00f4le de Gestion (DNCG), une formation professionnelle a \u00e9t\u00e9 exempt\u00e9e. L\u2019AS Nancy-Lorraine en l\u2019occurence. Les Chardons ont d\u00e9pos\u00e9 un dossier de budget r\u00e9vis\u00e9 pour la saison 2025-2026 qui a convaincu le gendarme financier du football professionnel fran\u00e7ais pour cet hiver. Krishen Sud et les dirigeants nanc\u00e9iens pourraient donc se renforcer sans restrictions lors du mois de janvier.\u00a0<\/p>\n<p>Le communiqu\u00e9 de l\u2019ASNL\u00a0<\/p>\n<blockquote class=\"twitter-tweet\">\n<p dir=\"ltr\" lang=\"fr\">Le club ne sera pas auditionn\u00e9 par la DNCG cet hiver.<\/p>\n<p>En effet, \u00e0 la suite du d\u00e9p\u00f4t du dossier de budget r\u00e9vis\u00e9 pour la saison 2025\/2026, la DNCG n\u2019a pas jug\u00e9 n\u00e9cessaire de convoquer le club.<a href=\"https:\/\/twitter.com\/hashtag\/ASNL?src=hash&amp;ref_src=twsrc%5Etfw\" target=\"_blank\" rel=\"noopener\">#ASNL<\/a> <a href=\"https:\/\/twitter.com\/hashtag\/Coeur?src=hash&amp;ref_src=twsrc%5Etfw\" target=\"_blank\" rel=\"noopener\">#Coeur<\/a> <a href=\"https:\/\/twitter.com\/hashtag\/Renouveau?src=hash&amp;ref_src=twsrc%5Etfw\" target=\"_blank\" rel=\"noopener\">#Renouveau<\/a> <a href=\"https:\/\/t.co\/ZQCgrY7pJQ\">pic.twitter.com\/ZQCgrY7pJQ<\/a><\/p>\n<p>\u2014 AS Nancy-Lorraine (@asnlofficiel) <a href=\"https:\/\/twitter.com\/asnlofficiel\/status\/2000944927853678997?ref_src=twsrc%5Etfw\" target=\"_blank\" rel=\"noopener\">December 16, 2025<\/a><\/p>\n<\/blockquote>\n<p>Partagez cette info avec vos amis et vos proches en cliquant ici<br \/>Pour r\u00e9sumer<\/p>\n<p>Une tr\u00e8s bonne nouvelle pour l\u2019actuel quinzi\u00e8me du championnat de Ligue 2. Alors que l\u2019ensemble des clubs fran\u00e7ais passe en ce moment des rendez-vous d\u00e9terminants devant la Direction Nationale du Contr\u00f4le de Gestion (DNCG), une formation professionnelle a \u00e9t\u00e9 exempt\u00e9e. L\u2019AS Nancy-Lorraine en l\u2019occurence.<\/p>\n<p> <img decoding=\"async\" width=\"76\" height=\"76\" loading=\"lazy\" src=\"https:\/\/static.wui.fr\/images_v3\/avatar-footnational.png\" alt=\"Youcef Ghalaza-Boudra\"\/><script async src=\"https:\/\/platform.twitter.com\/widgets.js\" charset=\"utf-8\"><\/script><\/p>\n","protected":false},"excerpt":{"rendered":"Une tr\u00e8s bonne nouvelle pour l\u2019actuel quinzi\u00e8me du championnat de Ligue 2. Alors que l\u2019ensemble des clubs fran\u00e7ais&hellip;\n","protected":false},"author":2,"featured_media":606288,"comment_status":"","ping_status":"","sticky":false,"template":"","format":"standard","meta":{"footnotes":""},"categories":[9635],"tags":[1111,11,1777,674,1011,27,775,59995,71739,1702,12,25],"class_list":{"0":"post-606287","1":"post","2":"type-post","3":"status-publish","4":"format-standard","5":"has-post-thumbnail","7":"category-nancy","8":"tag-actu","9":"tag-actualites","10":"tag-eu","11":"tag-europe","12":"tag-fr","13":"tag-france","14":"tag-grand-est","15":"tag-ligue-2-actus","16":"tag-ligue-2-mercato","17":"tag-nancy","18":"tag-news","19":"tag-republique-francaise"},"share_on_mastodon":{"url":"https:\/\/pubeurope.com\/@fr\/115737547153450507","error":""},"_links":{"self":[{"href":"https:\/\/www.europesays.com\/fr\/wp-json\/wp\/v2\/posts\/606287","targetHints":{"allow":["GET"]}}],"collection":[{"href":"https:\/\/www.europesays.com\/fr\/wp-json\/wp\/v2\/posts"}],"about":[{"href":"https:\/\/www.europesays.com\/fr\/wp-json\/wp\/v2\/types\/post"}],"author":[{"embeddable":true,"href":"https:\/\/www.europesays.com\/fr\/wp-json\/wp\/v2\/users\/2"}],"replies":[{"embeddable":true,"href":"https:\/\/www.europesays.com\/fr\/wp-json\/wp\/v2\/comments?post=606287"}],"version-history":[{"count":0,"href":"https:\/\/www.europesays.com\/fr\/wp-json\/wp\/v2\/posts\/606287\/revisions"}],"wp:featuredmedia":[{"embeddable":true,"href":"https:\/\/www.europesays.com\/fr\/wp-json\/wp\/v2\/media\/606288"}],"wp:attachment":[{"href":"https:\/\/www.europesays.com\/fr\/wp-json\/wp\/v2\/media?parent=606287"}],"wp:term":[{"taxonomy":"category","embeddable":true,"href":"https:\/\/www.europesays.com\/fr\/wp-json\/wp\/v2\/categories?post=606287"},{"taxonomy":"post_tag","embeddable":true,"href":"https:\/\/www.europesays.com\/fr\/wp-json\/wp\/v2\/tags?post=606287"}],"curies":[{"name":"wp","href":"https:\/\/api.w.org\/{rel}","templated":true}]}}