{"id":606289,"date":"2025-12-17T23:41:13","date_gmt":"2025-12-17T23:41:13","guid":{"rendered":"https:\/\/www.europesays.com\/fr\/606289\/"},"modified":"2025-12-17T23:41:13","modified_gmt":"2025-12-17T23:41:13","slug":"rc-toulon-le-lanceur-du-pilou-pilou-mis-en-examen-pour-viol-sur-conjointe-ou-ex-conjointe","status":"publish","type":"post","link":"https:\/\/www.europesays.com\/fr\/606289\/","title":{"rendered":"RC Toulon: le lanceur du Pilou-Pilou mis en examen pour viol sur conjointe ou ex-conjointe"},"content":{"rendered":"<p class=\"mb-4 text-lg md:leading-8 break-words\">Mis en cause par plusieurs plaignantes, <a href=\"https:\/\/fr.news.yahoo.com\/sport\/toulon-lanceur-pilou-pilou-garde-152442944.html\" data-ylk=\"slk:C\u00e9dric Abellon, le lanceur du Pilou-Pilou du RC Toulon au stade Mayol;elm:context_link;itc:0;sec:content-canvas;outcm:mb_qualified_link;_E:mb_qualified_link;ct:story;\" class=\"link  yahoo-link\" target=\"_blank\" rel=\"noopener\">C\u00e9dric Abellon, le lanceur du Pilou-Pilou du RC Toulon au stade Mayol<\/a>, a \u00e9t\u00e9 mis examen, a appris <a href=\"https:\/\/www.bfmtv.com\/var\/\" rel=\"nofollow noopener\" target=\"_blank\" data-ylk=\"slk:BFM Toulon Var;elm:context_link;itc:0;sec:content-canvas\" class=\"link \">BFM Toulon Var<\/a> ce mercredi aupr\u00e8s du procureur de Toulon. La figure locale avait \u00e9t\u00e9 interpell\u00e9e lundi matin et plac\u00e9e en garde \u00e0 vue pour viols sur conjointe ou ex-conjointe.<\/p>\n<p class=\"mb-4 text-lg md:leading-8 break-words\">\u00ab\u00a0Le mis en cause a \u00e9t\u00e9 mis en examen cet apr\u00e8s-midi par le juge d&rsquo;instruction pour les faits d\u00e9nonc\u00e9s par deux des plaignantes et sous le statut de t\u00e9moin assist\u00e9 pour les faits d\u00e9nonc\u00e9s par la troisi\u00e8me plaignante\u00a0\u00bb, a communiqu\u00e9 le parquet sans pr\u00e9ciser le nombre de plaignantes ni la nature des faits d\u00e9nonc\u00e9s.<\/p>\n<p>De retour au stade en janvier dernier<\/p>\n<p class=\"mb-4 text-lg md:leading-8 break-words\">C\u00e9dric Abellon, 32 ans, a \u00e9t\u00e9 plac\u00e9 sou contr\u00f4le judiciaire avec notamment l&rsquo;interdiction de r\u00e9sider dans le Var ou encore de contacter les victimes. L&rsquo;enqu\u00eate est d\u00e9sormais men\u00e9e sous l&rsquo;autorit\u00e9 du magistrat instructeur et prendront plusieurs mois, a ajout\u00e9 le procureur.<\/p>\n<p>Publicit\u00e9<\/p>\n<p>Publicit\u00e9<\/p>\n<p>Publicit\u00e9<\/p>\n<p>Publicit\u00e9<\/p>\n<p class=\"mb-4 text-lg md:leading-8 break-words\">Le public toulonais et les suiveurs du Top 14 connaissent bien C\u00e9dric Abellon qui a lanc\u00e9 le traditionnel Pilou-Piou de 2008 \u00e0 2019 avant <a href=\"https:\/\/fr.news.yahoo.com\/sport\/toulon-fin-suspense-conna%C3%AEt-nouveau-140639262.html\" data-ylk=\"slk:de revenir en janvier dernier pour succ\u00e9der \u00e0 Christophe Charaut;elm:context_link;itc:0;sec:content-canvas;outcm:mb_qualified_link;_E:mb_qualified_link;ct:story;\" class=\"link  yahoo-link\" target=\"_blank\" rel=\"noopener\">de revenir en janvier dernier pour succ\u00e9der \u00e0 Christophe Charaut<\/a>.<\/p>\n<p class=\"mb-4 text-lg md:leading-8 break-words\"><a href=\"https:\/\/rmcsport.bfmtv.com\/rugby\/top-14\/rc-toulon-le-lanceur-du-pilou-pilou-mis-en-examen-pour-viol-sur-conjointe-ou-ex-conjointe_AV-202512170854.html#xtor=AL-68\" rel=\"nofollow noopener\" target=\"_blank\" data-ylk=\"slk:Article original publi\u00e9 sur RMC Sport;elm:context_link;itc:0;sec:content-canvas\" class=\"link \">Article original publi\u00e9 sur RMC Sport<\/a><\/p>\n","protected":false},"excerpt":{"rendered":"Mis en cause par plusieurs plaignantes, C\u00e9dric Abellon, le lanceur du Pilou-Pilou du RC Toulon au stade Mayol,&hellip;\n","protected":false},"author":2,"featured_media":606290,"comment_status":"","ping_status":"","sticky":false,"template":"","format":"standard","meta":{"footnotes":""},"categories":[9619],"tags":[1111,11,1777,674,1011,27,71774,18360,12,71571,882,8177,25,18045,2310],"class_list":{"0":"post-606289","1":"post","2":"type-post","3":"status-publish","4":"format-standard","5":"has-post-thumbnail","7":"category-toulon","8":"tag-actu","9":"tag-actualites","10":"tag-eu","11":"tag-europe","12":"tag-fr","13":"tag-france","14":"tag-lanceur","15":"tag-mis","16":"tag-news","17":"tag-pilou-pilou","18":"tag-provence-alpes-cote-dazur","19":"tag-rc-toulon","20":"tag-republique-francaise","21":"tag-stade-mayol","22":"tag-toulon"},"share_on_mastodon":{"url":"https:\/\/pubeurope.com\/@fr\/115737558055471909","error":""},"_links":{"self":[{"href":"https:\/\/www.europesays.com\/fr\/wp-json\/wp\/v2\/posts\/606289","targetHints":{"allow":["GET"]}}],"collection":[{"href":"https:\/\/www.europesays.com\/fr\/wp-json\/wp\/v2\/posts"}],"about":[{"href":"https:\/\/www.europesays.com\/fr\/wp-json\/wp\/v2\/types\/post"}],"author":[{"embeddable":true,"href":"https:\/\/www.europesays.com\/fr\/wp-json\/wp\/v2\/users\/2"}],"replies":[{"embeddable":true,"href":"https:\/\/www.europesays.com\/fr\/wp-json\/wp\/v2\/comments?post=606289"}],"version-history":[{"count":0,"href":"https:\/\/www.europesays.com\/fr\/wp-json\/wp\/v2\/posts\/606289\/revisions"}],"wp:featuredmedia":[{"embeddable":true,"href":"https:\/\/www.europesays.com\/fr\/wp-json\/wp\/v2\/media\/606290"}],"wp:attachment":[{"href":"https:\/\/www.europesays.com\/fr\/wp-json\/wp\/v2\/media?parent=606289"}],"wp:term":[{"taxonomy":"category","embeddable":true,"href":"https:\/\/www.europesays.com\/fr\/wp-json\/wp\/v2\/categories?post=606289"},{"taxonomy":"post_tag","embeddable":true,"href":"https:\/\/www.europesays.com\/fr\/wp-json\/wp\/v2\/tags?post=606289"}],"curies":[{"name":"wp","href":"https:\/\/api.w.org\/{rel}","templated":true}]}}