{"id":606295,"date":"2025-12-17T23:45:35","date_gmt":"2025-12-17T23:45:35","guid":{"rendered":"https:\/\/www.europesays.com\/fr\/606295\/"},"modified":"2025-12-17T23:45:35","modified_gmt":"2025-12-17T23:45:35","slug":"preoccupant-pour-la-fete-a-rouen-la-boite-de-nuit-le-so-a-nouveau-fermee-administrativement","status":"publish","type":"post","link":"https:\/\/www.europesays.com\/fr\/606295\/","title":{"rendered":"\u00ab\u00a0Pr\u00e9occupant pour la f\u00eate \u00e0 Rouen\u00a0\u00bb : la bo\u00eete de nuit \u00ab\u00a0Le So\u00a0\u00bb \u00e0 nouveau ferm\u00e9e administrativement"},"content":{"rendered":"<p>La bo\u00eete de nuit rouennaise \u00ab\u00a0Le So\u00a0\u00bb, situ\u00e9e sur les quais de Seine, sera ferm\u00e9e pour une dur\u00e9e de deux mois par la pr\u00e9fecture de la Seine-Maritime \u00e0 partir de vendredi. En cause notamment, des infractions sur la vente d&rsquo;alcool \u00e0 un mineur.<\/p>\n<p>Pour le deuxi\u00e8me Nouvel an de suite, la bo\u00eete de nuit \u00ab\u00a0Le So\u00a0\u00bb, situ\u00e9e sur les quais de Seine \u00e0 Rouen, ne sera pas ouverte. L&rsquo;\u00e9tablissement est somm\u00e9 de fermer ses portes pour deux mois suite \u00e0 un arr\u00eat\u00e9 de la pr\u00e9fecture de la Seine-Maritime. Cela fait suite \u00e0 des \u00ab\u00a0infractions de vente d&rsquo;alcool \u00e0 un mineur et de vente d&rsquo;alcool \u00e0 des individus manifestement ivres\u00a0\u00bb, nous confirme la pr\u00e9fecture apr\u00e8s une information de\u00a0<a target=\"_blank\" rel=\"nofollow noopener noreferrer\" class=\"IciLink ici-link IciArticleLink g-ici-body-regular-1 underline brand svelte-1chfe2s\" href=\"https:\/\/www.paris-normandie.fr\/id683090\/article\/2025-12-17\/alcool-mineure-ivresse-la-boite-de-nuit-le-so-rouen-sanctionnee-dune-fermeture\">Paris-Normandie<\/a>. La pr\u00e9fecture pr\u00e9cise que cette d\u00e9cision s&rsquo;applique d\u00e8s le <strong>vendredi 19 d\u00e9cembre.<\/strong><\/p>\n<p>Une d\u00e9cision contest\u00e9e devant le tribunal administratif<\/p>\n<p>En 2024, la m\u00eame boite de nuit avait d\u00e9j\u00e0 \u00e9t\u00e9 frapp\u00e9e d&rsquo;un <a class=\"IciLink ici-link IciArticleLink g-ici-body-regular-1 underline brand svelte-1chfe2s\" href=\"https:\/\/www.francebleu.fr\/infos\/faits-divers-justice\/fermeture-administrative-de-la-boite-de-nuit-le-so-a-rouen-pour-un-mois-le-reveillon-du-31-annule-la-justice-saisie-2552542\" target=\"_blank\" rel=\"noopener\">arr\u00eat\u00e9 de fermeture pour un mois<\/a>, suite \u00e0 la\u00a0<a class=\"IciLink ici-link IciArticleLink g-ici-body-regular-1 underline brand svelte-1chfe2s\" href=\"https:\/\/www.francebleu.fr\/infos\/faits-divers-justice\/en-images-plusieurs-centaines-de-personnes-rendent-hommage-a-owen-mort-dans-la-seine-a-rouen-2580222\" target=\"_blank\" rel=\"noopener\">mort du jeune Owen<\/a>, d\u00e9c\u00e9d\u00e9 apr\u00e8s une soir\u00e9e pass\u00e9e dans l&rsquo;\u00e9tablissement mais aussi, d\u00e9j\u00e0, apr\u00e8s avoir servi de l&rsquo;alcool \u00e0 des personnes ivres.\u00a0\u00ab\u00a0Les faits sont infond\u00e9s, r\u00e9agit Me Henri de Beauregard, avocat de l&rsquo;\u00e9tablissement, pour qui cette d\u00e9cision est incrompr\u00e9hensible.<\/p>\n<p>\u00ab\u00a0Il n&rsquo;est pas interdit de recevoir des mineurs de plus de 16 ans, tant qu&rsquo;on ne leur sert pas d&rsquo;alcool, et c&rsquo;est ce qu&rsquo;il s&rsquo;est pass\u00e9. Ensuite, dans un d\u00e9bit de boisson, on sert quand m\u00eame souvent des personnes alcoolis\u00e9es. C&rsquo;est interdit en cas d&rsquo;ivresse manifeste, mais l\u00e0, on n&rsquo;a aucune pr\u00e9cision\u00a0\u00bb, poursuit-il tout en ajoutant que \u00ab\u00a0c&rsquo;est pr\u00e9occupant pour le milieu de la nuit \u00e0 Rouen\u00a0\u00bb.<\/p>\n<p>\u00ab\u00a0C&rsquo;est la <strong>deuxi\u00e8me fermeture \u00e0 la m\u00eame p\u00e9riode<\/strong>, cela peut donner la sensation que l&rsquo;on <strong>ferme avant les f\u00eates pour avoir la paix<\/strong>. C&rsquo;est pr\u00e9occupant pour la nuit \u00e0 Rouen, la f\u00eate \u00e0 Rouen et sur les <strong>m\u00e9thodes utilis\u00e9es pour acheter une paix<\/strong>. Objectivement, c&rsquo;est incompr\u00e9hensible et injuste\u00a0\u00bb, conclut Me\u00a0Henri de Beauregard.<\/p>\n<p>La d\u00e9cision sera <strong>contest\u00e9e devant le tribunal<\/strong> administratif de Rouen d\u00e8s le d\u00e9but dela semaine prochaine, annonce l&rsquo;avocat du So.<\/p>\n<p>\u00c0 lire aussi   <img decoding=\"async\" src=\"https:\/\/www.europesays.com\/fr\/wp-content\/uploads\/2025\/12\/1766015135_597_400x400\" alt=\"\" style=\"--_image-preview:url('data:image\/jpeg;base64,\/9j\/2wBDACgcHiMeGSgjISMtKygwPGRBPDc3PHtYXUlkkYCZlo+AjIqgtObDoKrarYqMyP\/L2u71\/\/\/\/m8H\/\/\/\/6\/+b9\/\/j\/2wBDASstLTw1PHZBQXb4pYyl+Pj4+Pj4+Pj4+Pj4+Pj4+Pj4+Pj4+Pj4+Pj4+Pj4+Pj4+Pj4+Pj4+Pj4+Pj4+Pj4+Pj\/wAARCAAXACoDASIAAhEBAxEB\/8QAFwABAQEBAAAAAAAAAAAAAAAAAAECBf\/EABUQAQEAAAAAAAAAAAAAAAAAAAAR\/8QAFgEBAQEAAAAAAAAAAAAAAAAAAAEC\/8QAFREBAQAAAAAAAAAAAAAAAAAAABH\/2gAMAwEAAhEDEQA\/AOcCJWRAWgICtIDIgCiUoA\/\/2Q==');\" loading=\"lazy\" fetchpriority=\"low\" aria-hidden=\"true\" class=\"svelte-1cksh76 rounded\" onload=\"this.__e=event\" onerror=\"this.__e=event\"\/><\/p>\n","protected":false},"excerpt":{"rendered":"La bo\u00eete de nuit rouennaise \u00ab\u00a0Le So\u00a0\u00bb, situ\u00e9e sur les quais de Seine, sera ferm\u00e9e pour une dur\u00e9e&hellip;\n","protected":false},"author":2,"featured_media":606296,"comment_status":"","ping_status":"","sticky":false,"template":"","format":"standard","meta":{"footnotes":""},"categories":[9587],"tags":[1111,11,1777,674,1011,27,12,5161,25,9590],"class_list":{"0":"post-606295","1":"post","2":"type-post","3":"status-publish","4":"format-standard","5":"has-post-thumbnail","7":"category-rouen","8":"tag-actu","9":"tag-actualites","10":"tag-eu","11":"tag-europe","12":"tag-fr","13":"tag-france","14":"tag-news","15":"tag-normandie","16":"tag-republique-francaise","17":"tag-rouen"},"share_on_mastodon":{"url":"https:\/\/pubeurope.com\/@fr\/115737574524152889","error":""},"_links":{"self":[{"href":"https:\/\/www.europesays.com\/fr\/wp-json\/wp\/v2\/posts\/606295","targetHints":{"allow":["GET"]}}],"collection":[{"href":"https:\/\/www.europesays.com\/fr\/wp-json\/wp\/v2\/posts"}],"about":[{"href":"https:\/\/www.europesays.com\/fr\/wp-json\/wp\/v2\/types\/post"}],"author":[{"embeddable":true,"href":"https:\/\/www.europesays.com\/fr\/wp-json\/wp\/v2\/users\/2"}],"replies":[{"embeddable":true,"href":"https:\/\/www.europesays.com\/fr\/wp-json\/wp\/v2\/comments?post=606295"}],"version-history":[{"count":0,"href":"https:\/\/www.europesays.com\/fr\/wp-json\/wp\/v2\/posts\/606295\/revisions"}],"wp:featuredmedia":[{"embeddable":true,"href":"https:\/\/www.europesays.com\/fr\/wp-json\/wp\/v2\/media\/606296"}],"wp:attachment":[{"href":"https:\/\/www.europesays.com\/fr\/wp-json\/wp\/v2\/media?parent=606295"}],"wp:term":[{"taxonomy":"category","embeddable":true,"href":"https:\/\/www.europesays.com\/fr\/wp-json\/wp\/v2\/categories?post=606295"},{"taxonomy":"post_tag","embeddable":true,"href":"https:\/\/www.europesays.com\/fr\/wp-json\/wp\/v2\/tags?post=606295"}],"curies":[{"name":"wp","href":"https:\/\/api.w.org\/{rel}","templated":true}]}}