{"id":606301,"date":"2025-12-17T23:48:30","date_gmt":"2025-12-17T23:48:30","guid":{"rendered":"https:\/\/www.europesays.com\/fr\/606301\/"},"modified":"2025-12-17T23:48:30","modified_gmt":"2025-12-17T23:48:30","slug":"eviter-une-propagation-de-la-crise-dans-notre-region-une-nouvelle-manifestation-agricole-prevue-a-rennes-ce-jeudi-ce-quil-faut-savoir","status":"publish","type":"post","link":"https:\/\/www.europesays.com\/fr\/606301\/","title":{"rendered":"\u00ab\u00a0\u00c9viter une propagation de la crise dans notre r\u00e9gion\u00a0\u00bb\u00a0: une nouvelle manifestation agricole pr\u00e9vue \u00e0 Rennes ce jeudi, ce qu\u2019il faut savoir"},"content":{"rendered":"<p>La <a href=\"https:\/\/www.letelegramme.fr\/economie\/dermatose-la-ministre-de-lagriculture-annonce-900-000-vaccins-dici-jeudi-et-appelle-a-lapaisement-6949271.php\" target=\"_blank\" rel=\"noopener\">Dermatose Nodulaire Contagieuse (DNC)<\/a> peut-elle arriver en Bretagne ? Si la r\u00e9gion est pour le moment \u00e9pargn\u00e9e, la situation n\u2019est pas moins stressante pour les \u00e9leveurs bretons. C\u2019est pourquoi, la Coordination rurale de Bretagne \u00ab appelle \u00e0 la solidarit\u00e9 et \u00e0 l\u2019anticipation face \u00e0 la crise sanitaire \u00bb, jeudi 18 d\u00e9cembre. Un rassemblement est pr\u00e9vu \u00e0 13 h 30 devant la Draaf Bretagne \u00e0 Rennes.<\/p>\n<p>\u00ab Cet \u00e9v\u00e9nement vise \u00e0 soutenir les \u00e9leveurs du Sud lourdement impact\u00e9s par les abattages massifs et \u00e0 exiger des r\u00e9ponses claires pour la Bretagne, afin d\u2019\u00e9viter une propagation de la crise dans notre r\u00e9gion \u00bb, souligne le syndicat agricole. Celui-ci veut faire passer des \u00ab demandes pr\u00e9cises face \u00e0 l\u2019urgence sanitaire . Le syndicat agricole sera donc re\u00e7u par le Directeur de la Draaf, qui pr\u00e9side le Cropsav, Conseil R\u00e9gional d\u2019Orientation de la Politique Sanitaire Animale et V\u00e9g\u00e9tale, et les services v\u00e9t\u00e9rinaires \u00e0 14 h. L\u2019objectif : anticiper <a href=\"https:\/\/www.letelegramme.fr\/france\/dermatose-une-crise-sanitaire-qui-ravive-la-colere-agricole-6946936.php#:~:text=Maladie%20%C3%A9mergente%20transmise%20par%20piq%C3%BBres,ann%C3%A9es%202010%2C%20notamment%20en%20Gr%C3%A8ce.\" target=\"_blank\" rel=\"noopener\">l\u2019arriv\u00e9e de la dermatose nodulaire<\/a> et mettre en place des mesures d\u2019anticipation <a href=\"https:\/\/www.letelegramme.fr\/france\/dermatose-bovine-pourquoi-la-periode-dincubation-complique-la-lutte-6947443.php\" target=\"_blank\" rel=\"noopener\">pour prot\u00e9ger les \u00e9levages.<\/a><\/p>\n<p>\u00ab On souhaite une alternative \u00e0 l\u2019abattage total \u00bb<\/p>\n<p>\u00ab On a la volont\u00e9 d\u2019\u00eatre force de proposition dans la mesure o\u00f9 la Bretagne est une tr\u00e8s grosse r\u00e9gion d\u2019\u00e9levage, pr\u00e9cise Joseph Martin, pr\u00e9sident de la Coordination Rurale Bretagne. Donc on souhaite une alternative \u00e0 l\u2019abattage total. On a des propositions \u00e0 faire notamment sur la disponibilit\u00e9 des vaccins, c\u2019est quelque chose qui doit s\u2019anticiper. Se pose \u00e9galement la question de la gestion des mouvements, car les exploitations ne sont pas des structures ferm\u00e9es. M\u00eame si nous sommes un peu moins concern\u00e9s par les exportations de viande et par les introductions d\u2019animaux, cela n\u2019\u00e9limine pas pour autant les risques. \u00bb<\/p>\n<p>Joseph Martin l\u2019assure, beaucoup de ses coll\u00e8gues \u00ab s\u2019inqui\u00e8tent de voir la maladie arriver dans notre r\u00e9gion \u00bb. Ces derniers ont encore en t\u00eate la<a href=\"https:\/\/www.letelegramme.fr\/finistere\/quimperle-29300\/la-fievre-ovine-va-toucher-tous-les-elevages-en-bretagne-a-querrien-un-eleveur-laitier-en-subit-deja-les-consequences-6870049.php\" target=\"_blank\" rel=\"noopener\"> fi\u00e8vre catarrhale ovine<\/a> (FCO) qui avait <a href=\"https:\/\/www.letelegramme.fr\/economie\/agri-agro\/plus-de-2-000-foyers-de-fievre-catarrhale-ovine-recenses-surtout-en-bretagne-6865327.php\" target=\"_blank\" rel=\"noopener\">touch\u00e9 de nombreux \u00e9levages en Bretagne<\/a>. \u00ab On ne peut pas forc\u00e9ment comparer toutes maladies, mais la FCO \u00e9tait dans l\u2019est de la France et elle est arriv\u00e9e d\u2019un coup dans notre r\u00e9gion. On ne peut pas se retrouver dans la m\u00eame situation. \u00bb<\/p>\n","protected":false},"excerpt":{"rendered":"La Dermatose Nodulaire Contagieuse (DNC) peut-elle arriver en Bretagne ? Si la r\u00e9gion est pour le moment \u00e9pargn\u00e9e,&hellip;\n","protected":false},"author":2,"featured_media":606302,"comment_status":"","ping_status":"","sticky":false,"template":"","format":"standard","meta":{"footnotes":""},"categories":[2821],"tags":[1111,11,5825,829,1777,674,1011,27,848,12,584,25],"class_list":{"0":"post-606301","1":"post","2":"type-post","3":"status-publish","4":"format-standard","5":"has-post-thumbnail","7":"category-rennes","8":"tag-actu","9":"tag-actualites","10":"tag-agroalimentaire","11":"tag-bretagne","12":"tag-eu","13":"tag-europe","14":"tag-fr","15":"tag-france","16":"tag-ille-et-vilaine","17":"tag-news","18":"tag-rennes","19":"tag-republique-francaise"},"share_on_mastodon":{"url":"https:\/\/pubeurope.com\/@fr\/115737585521045376","error":""},"_links":{"self":[{"href":"https:\/\/www.europesays.com\/fr\/wp-json\/wp\/v2\/posts\/606301","targetHints":{"allow":["GET"]}}],"collection":[{"href":"https:\/\/www.europesays.com\/fr\/wp-json\/wp\/v2\/posts"}],"about":[{"href":"https:\/\/www.europesays.com\/fr\/wp-json\/wp\/v2\/types\/post"}],"author":[{"embeddable":true,"href":"https:\/\/www.europesays.com\/fr\/wp-json\/wp\/v2\/users\/2"}],"replies":[{"embeddable":true,"href":"https:\/\/www.europesays.com\/fr\/wp-json\/wp\/v2\/comments?post=606301"}],"version-history":[{"count":0,"href":"https:\/\/www.europesays.com\/fr\/wp-json\/wp\/v2\/posts\/606301\/revisions"}],"wp:featuredmedia":[{"embeddable":true,"href":"https:\/\/www.europesays.com\/fr\/wp-json\/wp\/v2\/media\/606302"}],"wp:attachment":[{"href":"https:\/\/www.europesays.com\/fr\/wp-json\/wp\/v2\/media?parent=606301"}],"wp:term":[{"taxonomy":"category","embeddable":true,"href":"https:\/\/www.europesays.com\/fr\/wp-json\/wp\/v2\/categories?post=606301"},{"taxonomy":"post_tag","embeddable":true,"href":"https:\/\/www.europesays.com\/fr\/wp-json\/wp\/v2\/tags?post=606301"}],"curies":[{"name":"wp","href":"https:\/\/api.w.org\/{rel}","templated":true}]}}