{"id":606305,"date":"2025-12-17T23:50:25","date_gmt":"2025-12-17T23:50:25","guid":{"rendered":"https:\/\/www.europesays.com\/fr\/606305\/"},"modified":"2025-12-17T23:50:25","modified_gmt":"2025-12-17T23:50:25","slug":"strasbourg-et-kehl-le-projet-de-recuperation-de-chaleur-fatale-menace-bsw-exprime-de-vives-inquietudes","status":"publish","type":"post","link":"https:\/\/www.europesays.com\/fr\/606305\/","title":{"rendered":"Strasbourg et Kehl. Le projet de r\u00e9cup\u00e9ration de chaleur fatale menac\u00e9 ? BSW exprime de vives inqui\u00e9tudes"},"content":{"rendered":"<p>\u00ab\u00a0Nous voulons mener ce projet \u00e0 bien, il a du sens pour la r\u00e9gion et pour le climat\u00a0\u00bb, d\u00e9marre le directeur g\u00e9n\u00e9ral de BSW Florian Gl\u00fcck dans un communiqu\u00e9 r\u00e9dig\u00e9 fin novembre. \u00ab\u00a0Mais nous ne le r\u00e9aliserons que si le financement, les responsabilit\u00e9s ainsi que les risques sont clarifi\u00e9s et r\u00e9partis de mani\u00e8re \u00e9quitable.\u00a0\u00bb<\/p>\n<p>Le projet en question, dont <a href=\"https:\/\/www.dna.fr\/environnement\/2019\/05\/13\/en-2021-l-acierie-kehloise-bsw-devrait-chauffer-strasbourg\" target=\"_blank\" rel=\"noopener\">les pr\u00e9misses<\/a> datent d\u00e9j\u00e0 de 2018, est celui de r\u00e9cup\u00e9ration de la chaleur fatale du site de production kehlois, qui transforme des d\u00e9chets m\u00e9talliques en poutres, barres pour armer le b\u00e9ton et rouleaux de fil d\u2019acier dans un processus faisant grimper la temp\u00e9rature jusqu\u2019\u00e0 1\u00a0600\u00a0\u00b0C.<\/p>\n<p>D\u00e8s le d\u00e9part, il a \u00e9t\u00e9 question de faire&#8230;<\/p>\n","protected":false},"excerpt":{"rendered":"\u00ab\u00a0Nous voulons mener ce projet \u00e0 bien, il a du sens pour la r\u00e9gion et pour le climat\u00a0\u00bb,&hellip;\n","protected":false},"author":2,"featured_media":606306,"comment_status":"","ping_status":"","sticky":false,"template":"","format":"standard","meta":{"footnotes":""},"categories":[2820],"tags":[1111,11,33,2880,893,436,1777,674,107,1011,27,775,8423,12,1800,25,640,2879],"class_list":{"0":"post-606305","1":"post","2":"type-post","3":"status-publish","4":"format-standard","5":"has-post-thumbnail","7":"category-strasbourg","8":"tag-actu","9":"tag-actualites","10":"tag-economie","11":"tag-edition-strasbourg","12":"tag-energie","13":"tag-environnement","14":"tag-eu","15":"tag-europe","16":"tag-fil-info","17":"tag-fr","18":"tag-france","19":"tag-grand-est","20":"tag-meteorologie-climat","21":"tag-news","22":"tag-pollution","23":"tag-republique-francaise","24":"tag-strasbourg","25":"tag-strasbourg-ville"},"share_on_mastodon":{"url":"https:\/\/pubeurope.com\/@fr\/115737593474771205","error":""},"_links":{"self":[{"href":"https:\/\/www.europesays.com\/fr\/wp-json\/wp\/v2\/posts\/606305","targetHints":{"allow":["GET"]}}],"collection":[{"href":"https:\/\/www.europesays.com\/fr\/wp-json\/wp\/v2\/posts"}],"about":[{"href":"https:\/\/www.europesays.com\/fr\/wp-json\/wp\/v2\/types\/post"}],"author":[{"embeddable":true,"href":"https:\/\/www.europesays.com\/fr\/wp-json\/wp\/v2\/users\/2"}],"replies":[{"embeddable":true,"href":"https:\/\/www.europesays.com\/fr\/wp-json\/wp\/v2\/comments?post=606305"}],"version-history":[{"count":0,"href":"https:\/\/www.europesays.com\/fr\/wp-json\/wp\/v2\/posts\/606305\/revisions"}],"wp:featuredmedia":[{"embeddable":true,"href":"https:\/\/www.europesays.com\/fr\/wp-json\/wp\/v2\/media\/606306"}],"wp:attachment":[{"href":"https:\/\/www.europesays.com\/fr\/wp-json\/wp\/v2\/media?parent=606305"}],"wp:term":[{"taxonomy":"category","embeddable":true,"href":"https:\/\/www.europesays.com\/fr\/wp-json\/wp\/v2\/categories?post=606305"},{"taxonomy":"post_tag","embeddable":true,"href":"https:\/\/www.europesays.com\/fr\/wp-json\/wp\/v2\/tags?post=606305"}],"curies":[{"name":"wp","href":"https:\/\/api.w.org\/{rel}","templated":true}]}}