{"id":606309,"date":"2025-12-17T23:52:19","date_gmt":"2025-12-17T23:52:19","guid":{"rendered":"https:\/\/www.europesays.com\/fr\/606309\/"},"modified":"2025-12-17T23:52:19","modified_gmt":"2025-12-17T23:52:19","slug":"a-nice-les-republicains-soutiennent-christian-estrosi-face-a-eric-ciotti","status":"publish","type":"post","link":"https:\/\/www.europesays.com\/fr\/606309\/","title":{"rendered":"\u00e0 Nice, Les R\u00e9publicains soutiennent Christian Estrosi face \u00e0 Eric Ciotti"},"content":{"rendered":"<p class=\"fs-5 \">Le parti Les R\u00e9publicains a act\u00e9, ce mercredi 17\u00a0d\u00e9cembre 2025, son soutien au maire Horizons de Nice, Christian Estrosi, candidat \u00e0 un 4e mandat pour les \u00e9lections municipales des 15 et 22 mars.<\/p>\n<p class=\"fs-5 \">Cette d\u00e9cision intervient en contrepartie du soutien du parti d\u2019\u00c9douard Philippe au candidat Les R\u00e9publicains, Franck Proust, \u00e0 N\u00eemes.<\/p>\n<p class=\"fs-5 \">Comme \u00e0 Nice, la pr\u00e9fecture du Gard est en proie \u00e0 une guerre des droites entre Julien Plantier, l\u2019ancien premier adjoint au maire, entr\u00e9 en dissidence, et le dauphin officiel, Franck Proust, son successeur.<\/p>\n<p class=\"fs-5 \">\u00c0 Nice, Christian Estrosi, num\u00e9ro 2 d\u2019Horizons, parti qu\u2019il a rejoint en 2021, apr\u00e8s son d\u00e9part de LR, affrontera, \u00e0 droite, \u00c9ric Ciotti.<\/p>\n<p class=\"fs-5 \">Le pr\u00e9sident des R\u00e9publicains de d\u00e9cembre 2022 \u00e0 septembre 2024, qui a choisi de nouer une alliance avec le Rassemblement national, partira sous les couleurs de l\u2019Union des droites pour la R\u00e9publique, formation qu\u2019il a fond\u00e9e il y a quinze mois.<\/p>\n<p>                                                                                Dominique Estrosi-Sassone d\u00e9sign\u00e9e cheffe de file LR<\/p>\n<p class=\"fs-5 \">\u00ab Ce soutien intervient enfin \u00bb, salue Dominique Estrosi-Sassone qui d\u00e9plore l\u2019attitude de \u00ab certaines personnes qui intriguaient pour que les choses tra\u00eenent \u00bb, visant notamment \u00ab \u00c9ric Ciotti qui a gard\u00e9 des liens \u00bb. La s\u00e9natrice LR vient d\u2019\u00eatre d\u00e9sign\u00e9e cheffe de file du parti dans la capitale azur\u00e9enne.<\/p>\n<p class=\"fs-5 \">La parlementaire, \u00e9galement conseill\u00e8re municipale et m\u00e9tropolitaine dans la majorit\u00e9 de Christian Estrosi, a pour mission de \u00ab n\u00e9gocier avec le candidat de fa\u00e7on \u00e0 ce que la famille que je repr\u00e9sente soit bien incarn\u00e9e sur la liste, \u00e0 la hauteur de ce qu\u2019elle repr\u00e9sente puisque, dans notre d\u00e9partement, Les R\u00e9publicains ont toujours occup\u00e9 une place forte. Et aussi que cette liste porte nos valeurs, sans aucune porosit\u00e9 avec l\u2019extr\u00eame droite, l\u2019UDR et le RN, \u00e0 savoir la fermet\u00e9, l\u2019autorit\u00e9, la libert\u00e9. \u00bb<\/p>\n<p>                                                                                Horizons soutient Louis Sarkozy et Ladislas Polski<\/p>\n<p class=\"fs-5 \">Dans un communiqu\u00e9 diffus\u00e9 ce mercredi, le parti d\u2019\u00c9douard Philippe annonce qu\u2019il soutiendra \u00e9galement Louis Sarkozy, fils de l\u2019ancien pr\u00e9sident Nicolas Sarkozy, un des candidats de la droite \u00e0 Menton, qui a d\u00e9j\u00e0 re\u00e7u le soutien de LR.<\/p>\n<p class=\"fs-5 \">Horizons soutient aussi Ladislas Polski, maire de La Trinit\u00e9, candidat \u00e0 un second mandat, class\u00e9 \u00e0 gauche, une de ses adjointes, Emmanuelle Fernandez-Baravex, \u00e9tant la r\u00e9f\u00e9rente d\u2019Horizons dans cette commune.<\/p>\n","protected":false},"excerpt":{"rendered":"Le parti Les R\u00e9publicains a act\u00e9, ce mercredi 17\u00a0d\u00e9cembre 2025, son soutien au maire Horizons de Nice, Christian&hellip;\n","protected":false},"author":2,"featured_media":606310,"comment_status":"","ping_status":"","sticky":false,"template":"","format":"standard","meta":{"footnotes":""},"categories":[2819],"tags":[1111,11,1777,674,1011,27,3434,12,2401,882,25],"class_list":{"0":"post-606309","1":"post","2":"type-post","3":"status-publish","4":"format-standard","5":"has-post-thumbnail","7":"category-nice","8":"tag-actu","9":"tag-actualites","10":"tag-eu","11":"tag-europe","12":"tag-fr","13":"tag-france","14":"tag-municipales-2026","15":"tag-news","16":"tag-nice","17":"tag-provence-alpes-cote-dazur","18":"tag-republique-francaise"},"share_on_mastodon":{"url":"https:\/\/pubeurope.com\/@fr\/115737601323708786","error":""},"_links":{"self":[{"href":"https:\/\/www.europesays.com\/fr\/wp-json\/wp\/v2\/posts\/606309","targetHints":{"allow":["GET"]}}],"collection":[{"href":"https:\/\/www.europesays.com\/fr\/wp-json\/wp\/v2\/posts"}],"about":[{"href":"https:\/\/www.europesays.com\/fr\/wp-json\/wp\/v2\/types\/post"}],"author":[{"embeddable":true,"href":"https:\/\/www.europesays.com\/fr\/wp-json\/wp\/v2\/users\/2"}],"replies":[{"embeddable":true,"href":"https:\/\/www.europesays.com\/fr\/wp-json\/wp\/v2\/comments?post=606309"}],"version-history":[{"count":0,"href":"https:\/\/www.europesays.com\/fr\/wp-json\/wp\/v2\/posts\/606309\/revisions"}],"wp:featuredmedia":[{"embeddable":true,"href":"https:\/\/www.europesays.com\/fr\/wp-json\/wp\/v2\/media\/606310"}],"wp:attachment":[{"href":"https:\/\/www.europesays.com\/fr\/wp-json\/wp\/v2\/media?parent=606309"}],"wp:term":[{"taxonomy":"category","embeddable":true,"href":"https:\/\/www.europesays.com\/fr\/wp-json\/wp\/v2\/categories?post=606309"},{"taxonomy":"post_tag","embeddable":true,"href":"https:\/\/www.europesays.com\/fr\/wp-json\/wp\/v2\/tags?post=606309"}],"curies":[{"name":"wp","href":"https:\/\/api.w.org\/{rel}","templated":true}]}}