{"id":606311,"date":"2025-12-17T23:53:15","date_gmt":"2025-12-17T23:53:15","guid":{"rendered":"https:\/\/www.europesays.com\/fr\/606311\/"},"modified":"2025-12-17T23:53:15","modified_gmt":"2025-12-17T23:53:15","slug":"de-nombreux-debris-de-lavion-identifies-en-mer-une-avancee-majeure-liberation","status":"publish","type":"post","link":"https:\/\/www.europesays.com\/fr\/606311\/","title":{"rendered":"de nombreux d\u00e9bris de l\u2019avion identifi\u00e9s en mer, \u00abune avanc\u00e9e majeure\u00bb \u2013 Lib\u00e9ration"},"content":{"rendered":"<p class=\"sc-cPiKLX AiZTS text-element\">Une avanc\u00e9e apr\u00e8s plusieurs d\u00e9cennies d\u2019attente. Les recherches en mer visant \u00e0 retrouver les d\u00e9bris de la Caravelle Ajaccio-Nice, pour tenter de comprendre les causes de son crash qui avait fait 95 morts en 1968, ont permis d\u2019identifier de nombreuses pi\u00e8ces, ont annonc\u00e9 ce mercredi les avocats des familles des victimes.<\/p>\n<p class=\"sc-cPiKLX AiZTS text-element\">Une s\u00e9rie de photographies sous-marines men\u00e9es par la marine nationale dans la zone de 8 km\u00b2 consid\u00e9r\u00e9e comme le site pr\u00e9sum\u00e9 de l\u2019accident a permis d\u2019identifier la queue et les r\u00e9acteurs de l\u2019avion, ainsi que de nombreuses pi\u00e8ces de la carlingue. Des informations confirm\u00e9es par Damien Martinelli, procureur de la R\u00e9publique de Nice.<\/p>\n<p class=\"sc-cPiKLX AiZTS text-element\">M\u00eame s\u2019il reste d\u00e9sormais \u00e0 d\u00e9terminer s\u2019il est possible de remonter sans les d\u00e9t\u00e9riorer ces pi\u00e8ces qui ont pass\u00e9 pr\u00e8s de six d\u00e9cennies au fond de la mer, les avocats des familles, Mes St\u00e9phane Nesa, Paul Sollacaro et Philippe Soussi, ont salu\u00e9 \u00abune avanc\u00e9e majeure\u00bb.<\/p>\n<p>Lev\u00e9e du secret-d\u00e9fense<\/p>\n<p class=\"sc-cPiKLX AiZTS text-element\">Le 11 septembre 1968, la Caravelle AF 1611, qui devait relier Ajaccio \u00e0 Nice en 45 minutes, s\u2019est brusquement ab\u00eem\u00e9e au large d\u2019Antibes, ne laissant aucun survivant. L\u2019\u00e9pave a ensuite \u00e9t\u00e9 localis\u00e9e \u00e0 quelque 2 000 m\u00e8tres de profondeur. Une premi\u00e8re instruction pour homicide involontaire s\u2019est close en 1973 par un non-lieu, la th\u00e8se retenue \u00e9tant celle d\u2019un incendie dans la cabine des toilettes.<\/p>\n<p class=\"sc-cPiKLX AiZTS text-element\">L\u2019enqu\u00eate a \u00e9t\u00e9 relanc\u00e9e en 2012 pour \u00absoustraction et recel de preuves\u00bb et la justice a requis en 2018 une lev\u00e9e du secret-d\u00e9fense, estimant qu\u2019il fallait prendre \u00abtr\u00e8s au s\u00e9rieux\u00bb <a href=\"https:\/\/www.liberation.fr\/societe\/2011\/05\/11\/la-caravelle-ajaccio-nice-a-t-elle-ete-abattue-par-un-missile_735028\/\" target=\"_blank\" rel=\"noreferrer noopener\" title=\"https:\/\/www.liberation.fr\/societe\/2011\/05\/11\/la-caravelle-ajaccio-nice-a-t-elle-ete-abattue-par-un-missile_735028\/\">l\u2019hypoth\u00e8se d\u2019un tir de missile accidentel<\/a> depuis la base du Levant, pr\u00e8s d\u2019Hy\u00e8res (Var).<\/p>\n<p class=\"sc-cPiKLX AiZTS text-element\">En r\u00e9ponse, des documents ont \u00e9t\u00e9 remis \u00e0 la justice par le minist\u00e8re des Arm\u00e9es en juillet 2019. Ils ont \u00e9t\u00e9 jug\u00e9s \u00abtr\u00e8s insatisfaisants\u00bb par les familles de victimes. L\u2019an dernier, le procureur de la R\u00e9publique de Nice avait ainsi estim\u00e9 que \u00abplusieurs \u00e9l\u00e9ments s\u00e9rieux, notamment des t\u00e9moignages mais \u00e9galement des \u00e9l\u00e9ments mat\u00e9riels, tendent \u00e0 montrer que des autorit\u00e9s civiles et \/ou militaires ont pu chercher \u00e0 faire obstacle \u00e0 la d\u00e9termination des causes et des circonstances r\u00e9elles du crash de la Caravelle\u00bb.<\/p>\n","protected":false},"excerpt":{"rendered":"Une avanc\u00e9e apr\u00e8s plusieurs d\u00e9cennies d\u2019attente. Les recherches en mer visant \u00e0 retrouver les d\u00e9bris de la Caravelle&hellip;\n","protected":false},"author":2,"featured_media":606312,"comment_status":"","ping_status":"","sticky":false,"template":"","format":"standard","meta":{"footnotes":""},"categories":[2819],"tags":[1111,11,1816,5622,1777,674,1011,27,12,2401,882,25],"class_list":{"0":"post-606311","1":"post","2":"type-post","3":"status-publish","4":"format-standard","5":"has-post-thumbnail","7":"category-nice","8":"tag-actu","9":"tag-actualites","10":"tag-air-france","11":"tag-ajaccio","12":"tag-eu","13":"tag-europe","14":"tag-fr","15":"tag-france","16":"tag-news","17":"tag-nice","18":"tag-provence-alpes-cote-dazur","19":"tag-republique-francaise"},"share_on_mastodon":{"url":"https:\/\/pubeurope.com\/@fr\/115737605257144637","error":""},"_links":{"self":[{"href":"https:\/\/www.europesays.com\/fr\/wp-json\/wp\/v2\/posts\/606311","targetHints":{"allow":["GET"]}}],"collection":[{"href":"https:\/\/www.europesays.com\/fr\/wp-json\/wp\/v2\/posts"}],"about":[{"href":"https:\/\/www.europesays.com\/fr\/wp-json\/wp\/v2\/types\/post"}],"author":[{"embeddable":true,"href":"https:\/\/www.europesays.com\/fr\/wp-json\/wp\/v2\/users\/2"}],"replies":[{"embeddable":true,"href":"https:\/\/www.europesays.com\/fr\/wp-json\/wp\/v2\/comments?post=606311"}],"version-history":[{"count":0,"href":"https:\/\/www.europesays.com\/fr\/wp-json\/wp\/v2\/posts\/606311\/revisions"}],"wp:featuredmedia":[{"embeddable":true,"href":"https:\/\/www.europesays.com\/fr\/wp-json\/wp\/v2\/media\/606312"}],"wp:attachment":[{"href":"https:\/\/www.europesays.com\/fr\/wp-json\/wp\/v2\/media?parent=606311"}],"wp:term":[{"taxonomy":"category","embeddable":true,"href":"https:\/\/www.europesays.com\/fr\/wp-json\/wp\/v2\/categories?post=606311"},{"taxonomy":"post_tag","embeddable":true,"href":"https:\/\/www.europesays.com\/fr\/wp-json\/wp\/v2\/tags?post=606311"}],"curies":[{"name":"wp","href":"https:\/\/api.w.org\/{rel}","templated":true}]}}