{"id":606313,"date":"2025-12-17T23:54:24","date_gmt":"2025-12-17T23:54:24","guid":{"rendered":"https:\/\/www.europesays.com\/fr\/606313\/"},"modified":"2025-12-17T23:54:24","modified_gmt":"2025-12-17T23:54:24","slug":"yann-guillarme-libre","status":"publish","type":"post","link":"https:\/\/www.europesays.com\/fr\/606313\/","title":{"rendered":"YANN GUILLARME &#8211; LIBRE !"},"content":{"rendered":"<p>A la Cit\u00e9 des congr\u00e8s de Nantes,<br \/>Votre\u00a0billet de spectacle donne acc\u00e8s gratuitement aux transports en commun Naolib* 2 heures avant et 2 heures apr\u00e8s le spectacle dans la limite des horaires de service.<br \/>* Hors Navette A\u00e9roport, TER, tram-train, Parking Relais et pour les dates de validit\u00e9 de ce billet.<\/p>\n<p>Libre *<br \/>Adjectif. Se dit d\u2019une personne qui a le pouvoir, le droit de d\u00e9cider, d\u2019agir par soi-m\u00eame, quitte \u00e0 faire du reggae en \u00e9tant blanc et chanter BABYLON VEUT NOUS CENSURER alors qu\u2019on ne sait pas ce qu\u2019est Babylone !!<br \/>Libre de porter des lunettes fum\u00e9es, d&rsquo;\u00eatre en couple depuis 20 ans avec, avec qui\u2026d\u00e9j\u00e0?<br \/>Libre d\u2019\u00eatre de gauche tout en esp\u00e9rant devenir riche pour fuir en suisse afin de se beurrer la biscotte sous le soleil de l\u2019\u00e9vasion fiscal. Libre de le penser ou non.<br \/>Libre d\u2019\u00eatre un peu beauf un peu gay mais quand m\u00eame compl\u00e8tement hetero, libre d\u2019\u00eatre un humain qui assume ses pens\u00e9es et ses paradoxes, libre de vous les livrer sur scene, Libre \u00e0 vous de les prendre\u2026 (prenez les je souhaite devenir riche assez vite)<br \/>Alors, venez, viens, venons libre comme on est, libre tant qu&rsquo;on est vivant, libre tant qu&rsquo;on peut aimer, d\u00e9conner et\u00a0 rire.<\/p>\n<p>La Cit\u00e9 des congr\u00e8s ne g\u00e8re pas la billetterie des spectacles qu&rsquo;elle accueille.\u00a0<br \/>Pour votre tranquillit\u00e9, achetez vos billets via le site de l&rsquo;organisateur ou aupr\u00e8s des points de vente habituels.\u00a0<\/p>\n<p><strong>Auditorium 800 &#8211;  Placement libre<\/strong>\n\t\t\t\t\t\t\t<\/p>\n<p>la Cit\u00e9 des Congr\u00e8s<\/p>\n","protected":false},"excerpt":{"rendered":"A la Cit\u00e9 des congr\u00e8s de Nantes,Votre\u00a0billet de spectacle donne acc\u00e8s gratuitement aux transports en commun Naolib* 2&hellip;\n","protected":false},"author":2,"featured_media":606314,"comment_status":"","ping_status":"","sticky":false,"template":"","format":"standard","meta":{"footnotes":""},"categories":[2818],"tags":[1111,11,1777,674,1011,27,766,12,2636,25],"class_list":{"0":"post-606313","1":"post","2":"type-post","3":"status-publish","4":"format-standard","5":"has-post-thumbnail","7":"category-nantes","8":"tag-actu","9":"tag-actualites","10":"tag-eu","11":"tag-europe","12":"tag-fr","13":"tag-france","14":"tag-nantes","15":"tag-news","16":"tag-pays-de-la-loire","17":"tag-republique-francaise"},"share_on_mastodon":{"url":"https:\/\/pubeurope.com\/@fr\/115737609389615864","error":""},"_links":{"self":[{"href":"https:\/\/www.europesays.com\/fr\/wp-json\/wp\/v2\/posts\/606313","targetHints":{"allow":["GET"]}}],"collection":[{"href":"https:\/\/www.europesays.com\/fr\/wp-json\/wp\/v2\/posts"}],"about":[{"href":"https:\/\/www.europesays.com\/fr\/wp-json\/wp\/v2\/types\/post"}],"author":[{"embeddable":true,"href":"https:\/\/www.europesays.com\/fr\/wp-json\/wp\/v2\/users\/2"}],"replies":[{"embeddable":true,"href":"https:\/\/www.europesays.com\/fr\/wp-json\/wp\/v2\/comments?post=606313"}],"version-history":[{"count":0,"href":"https:\/\/www.europesays.com\/fr\/wp-json\/wp\/v2\/posts\/606313\/revisions"}],"wp:featuredmedia":[{"embeddable":true,"href":"https:\/\/www.europesays.com\/fr\/wp-json\/wp\/v2\/media\/606314"}],"wp:attachment":[{"href":"https:\/\/www.europesays.com\/fr\/wp-json\/wp\/v2\/media?parent=606313"}],"wp:term":[{"taxonomy":"category","embeddable":true,"href":"https:\/\/www.europesays.com\/fr\/wp-json\/wp\/v2\/categories?post=606313"},{"taxonomy":"post_tag","embeddable":true,"href":"https:\/\/www.europesays.com\/fr\/wp-json\/wp\/v2\/tags?post=606313"}],"curies":[{"name":"wp","href":"https:\/\/api.w.org\/{rel}","templated":true}]}}