{"id":606336,"date":"2025-12-18T00:08:23","date_gmt":"2025-12-18T00:08:23","guid":{"rendered":"https:\/\/www.europesays.com\/fr\/606336\/"},"modified":"2025-12-18T00:08:23","modified_gmt":"2025-12-18T00:08:23","slug":"bison-fute-prevoit-une-circulation-difficile-sur-les-routes-de-paris-et-dile-de-france","status":"publish","type":"post","link":"https:\/\/www.europesays.com\/fr\/606336\/","title":{"rendered":"Bison Fut\u00e9 pr\u00e9voit une circulation difficile sur les routes de Paris et d&rsquo;\u00cele-de-France"},"content":{"rendered":"<p>                    Par<br \/>\n        <strong><br \/>\n            <a href=\"https:\/\/actu.fr\/auteur\/redaction-paris\" title=\"Consulter tous les articles de R\u00e9daction Paris\" target=\"_blank\" rel=\"noopener\">R\u00e9daction Paris<\/a><br \/>\n                    <\/strong><\/p>\n<p>        Publi\u00e9 le<\/p>\n<p>            17 d\u00e9c. 2025 \u00e0 15h44        <\/p>\n<p>Mieux vaut partir vendredi soir, samedi matin ou dimanche midi ? Afin d\u2019aider les automobilistes \u00e0 prendre une d\u00e9cision avis\u00e9e, <a href=\"https:\/\/actu.fr\/tag\/bison-fute\" target=\"_blank\" rel=\"noopener\">Bison Fut\u00e9<\/a> d\u00e9voile ses pr\u00e9visions de <a href=\"https:\/\/actu.fr\/tag\/circulation\" target=\"_blank\" rel=\"noopener\">circulation<\/a> pour ce premier week-end des <strong>vacances de No\u00ebl<\/strong>.<\/p>\n<p>Vendredi 19 d\u00e9cembre 2025<\/p>\n<p class=\" wall-content\">La journ\u00e9e est class\u00e9e <strong>orange<\/strong> dans le sens des d\u00e9parts et verte dans celui des retours. La circulation sera donc difficile, notamment au niveau des barri\u00e8res de p\u00e9age. En plus des d\u00e9parts, les d\u00e9placements vers les grandes zones commerciales tr\u00e8s fr\u00e9quent\u00e9es \u00e0 l\u2019approche des f\u00eates et les trajets pendulaires \u00ab pourraient rendre difficile la circulation jusqu\u2019en d\u00e9but de soir\u00e9e \u00bb, annonce le Centre national d\u2019information routi\u00e8re.<\/p>\n<p class=\" wall-content\"><strong>Les conseils de Bison fut\u00e9<\/strong><\/p>\n<p class=\" wall-content\">Dans le sens des d\u00e9parts :<\/p>\n<p class=\" wall-content\">\u2013 quittez ou traversez l\u2019\u00cele-de-France avant 14h ou apr\u00e8s 21h ,<br \/>\u2013 \u00e9vitez l\u2019autoroute A36 entre Besan\u00e7on et l\u2019Allemagne, de 13h \u00e0 21h,<br \/>\u2013 \u00e9vitez l\u2019autoroute A7, entre Lyon et Orange, de 15h \u00e0 19h,\u00e9vitez l\u2019autoroute A9, entre Orange et Narbonne, de 14h \u00e0 18h,<br \/>\u2013 \u00e9vitez l\u2019autoroute A8, entre Le Luc et l\u2019Italie, de 12h \u00e0 19h,<br \/>\u2013 \u00e9vitez l\u2019autoroute A42, entre Lyon et Pont d\u2019Ain, de 18h \u00e0 20h,<br \/>\u2013 \u00e9vitez l\u2019autoroute A43, entre Lyon et Chamb\u00e9ry, de 17h \u00e0 20h,<br \/>\u2013 \u00e9vitez l\u2019autoroute A46 et la route nationale 346, pour le contournement Est de Lyon, de 17h \u00e0 19h.<\/p>\n<p>Samedi 20 d\u00e9cembre 2025<\/p>\n<p class=\" wall-content\">M\u00eame situation que la veille : <strong>orange<\/strong> dans le sens des d\u00e9parts et verte dans celui des retours. La circulation sera plus facile dans le reste du pays, ce qui pourrait fluidifier le reste du voyage. \u00ab Les premi\u00e8res perturbations li\u00e9es aux d\u00e9parts pourraient se faire sentir progressivement \u00e0 partir du milieu de la matin\u00e9e. La convergence de ces d\u00e9parts, des d\u00e9placements vers les grands centres commerciaux, les lieux de spectacles et les parcs \u00e0 th\u00e8mes, risque de rendre difficile la circulation jusqu\u2019en fin d\u2019apr\u00e8s-midi \u00bb, pr\u00e9vient Bison Fut\u00e9.<\/p>\n<p class=\" wall-content\"><strong>Les conseils de Bison fut\u00e9\u00a0<\/strong><\/p>\n<p class=\" wall-content\">Dans le sens des d\u00e9parts :\u00a0<\/p>\n<p class=\" wall-content\">\u2013 quittez ou traversez l\u2019\u00cele-de-France, avant 6h ou apr\u00e8s 16h,<br \/>\u2013 \u00e9vitez l\u2019autoroute A40, entre M\u00e2con et Annemasse, entre 11h et 16h,<br \/>\u2013 \u00e9vitez l\u2019autoroute A43, entre Lyon et Chamb\u00e9ry, entre 10h et 19h,<br \/>\u2013 \u00e9vitez l\u2019autoroute A46 et la route nationale 346, pour le contournement Est de Lyon, de 10h \u00e0 16h,<br \/>\u2013 \u00e9vitez le tunnel du Mont-Blanc (N205), entre la France et l\u2019Italie, de 14h \u00e0 19h.<\/p>\n<p>Votre r\u00e9gion, votre actu !<\/p>\n<p>Recevez chaque jour les infos qui comptent pour vous.<\/p>\n<p>\t<a href=\"https:\/\/actu.fr\/newsletter\" class=\"ac-btn ac-btn--corner ac-btn--medium ac-btn--blue800\" target=\"_blank\" rel=\"noopener\">S&rsquo;incrire<\/a><br \/>\nDimanche 21 d\u00e9cembre 2025<\/p>\n<p class=\" wall-content\">Si vous n\u2019\u00eates pas press\u00e9, c\u2019est <strong>le jour \u00e0 privil\u00e9gier<\/strong> pour quitter Paris et l\u2019\u00cele-de-France : toute la France est class\u00e9e verte dans le sens des d\u00e9parts et des retours.\u00a0<\/p>\n<p class=\" wall-content\">Personnalisez votre actualit\u00e9 en ajoutant vos villes et m\u00e9dias en favori avec <a href=\"https:\/\/moncompte.actu.fr\" title=\"D\u00e9couvez Mon Actu\" rel=\"nofollow noopener\" data-trk=\"{&quot;cta&quot;:{&quot;action&quot;:&quot;https:\\\/\\\/moncompte.actu.fr&quot;,&quot;category&quot;:&quot;mon compte&quot;,&quot;from&quot;:&quot;article footer&quot;,&quot;name&quot;:&quot;Mon actu&quot;,&quot;type&quot;:&quot;cta&quot;}}\" target=\"_blank\">Mon Actu<\/a>.<\/p>\n","protected":false},"excerpt":{"rendered":"Par R\u00e9daction Paris Publi\u00e9 le 17 d\u00e9c. 2025 \u00e0 15h44 Mieux vaut partir vendredi soir, samedi matin ou&hellip;\n","protected":false},"author":2,"featured_media":606337,"comment_status":"","ping_status":"","sticky":false,"template":"","format":"standard","meta":{"footnotes":""},"categories":[1592],"tags":[1111,11,6427,3542,1777,674,1011,27,662,12,626,25,104],"class_list":{"0":"post-606336","1":"post","2":"type-post","3":"status-publish","4":"format-standard","5":"has-post-thumbnail","7":"category-ile-de-france","8":"tag-actu","9":"tag-actualites","10":"tag-bison-fute","11":"tag-circulation","12":"tag-eu","13":"tag-europe","14":"tag-fr","15":"tag-france","16":"tag-ile-de-france","17":"tag-news","18":"tag-paris","19":"tag-republique-francaise","20":"tag-societe"},"share_on_mastodon":{"url":"https:\/\/pubeurope.com\/@fr\/115737664141445914","error":""},"_links":{"self":[{"href":"https:\/\/www.europesays.com\/fr\/wp-json\/wp\/v2\/posts\/606336","targetHints":{"allow":["GET"]}}],"collection":[{"href":"https:\/\/www.europesays.com\/fr\/wp-json\/wp\/v2\/posts"}],"about":[{"href":"https:\/\/www.europesays.com\/fr\/wp-json\/wp\/v2\/types\/post"}],"author":[{"embeddable":true,"href":"https:\/\/www.europesays.com\/fr\/wp-json\/wp\/v2\/users\/2"}],"replies":[{"embeddable":true,"href":"https:\/\/www.europesays.com\/fr\/wp-json\/wp\/v2\/comments?post=606336"}],"version-history":[{"count":0,"href":"https:\/\/www.europesays.com\/fr\/wp-json\/wp\/v2\/posts\/606336\/revisions"}],"wp:featuredmedia":[{"embeddable":true,"href":"https:\/\/www.europesays.com\/fr\/wp-json\/wp\/v2\/media\/606337"}],"wp:attachment":[{"href":"https:\/\/www.europesays.com\/fr\/wp-json\/wp\/v2\/media?parent=606336"}],"wp:term":[{"taxonomy":"category","embeddable":true,"href":"https:\/\/www.europesays.com\/fr\/wp-json\/wp\/v2\/categories?post=606336"},{"taxonomy":"post_tag","embeddable":true,"href":"https:\/\/www.europesays.com\/fr\/wp-json\/wp\/v2\/tags?post=606336"}],"curies":[{"name":"wp","href":"https:\/\/api.w.org\/{rel}","templated":true}]}}