{"id":606339,"date":"2025-12-18T00:10:15","date_gmt":"2025-12-18T00:10:15","guid":{"rendered":"https:\/\/www.europesays.com\/fr\/606339\/"},"modified":"2025-12-18T00:10:15","modified_gmt":"2025-12-18T00:10:15","slug":"municipales-2026-a-paris-socialistes-ecologistes-et-communistes-unis-derriere-emmanuel-gregoire-mais-sans-lfi","status":"publish","type":"post","link":"https:\/\/www.europesays.com\/fr\/606339\/","title":{"rendered":"Municipales 2026 \u00e0 Paris : Socialistes, \u00e9cologistes et communistes unis derri\u00e8re Emmanuel Gr\u00e9goire\u2026 mais sans LFI"},"content":{"rendered":"<p class=\"mb-4 text-lg md:leading-8 break-words\"><strong>ACCORD ENTRE PARTIS &#8211; Pour les \u00e9lections municipales de Paris en\u00a02026, la gauche parisienne a act\u00e9 une union d\u00e8s le premier tour, excluant LFI de l&rsquo;accord<\/strong><\/p>\n<p class=\"mb-4 text-lg md:leading-8 break-words\">Un accord d\u2019union de la <a href=\"https:\/\/www.20minutes.fr\/dossier\/gauche?at_medium=RSS%20feed&amp;at_campaign=ynews&amp;utm_source=yahoo&amp;utm_medium=rss&amp;utm_campaign=news_feed&amp;utm_content=in_article_link\" rel=\"nofollow noopener\" target=\"_blank\" data-ylk=\"slk:gauche;elm:context_link;itc:0;sec:content-canvas\" class=\"link \">gauche<\/a> a \u00e9t\u00e9 officialis\u00e9 mercredi \u00e0 <a href=\"https:\/\/www.20minutes.fr\/paris\/?at_medium=RSS%20feed&amp;at_campaign=ynews&amp;utm_source=yahoo&amp;utm_medium=rss&amp;utm_campaign=news_feed&amp;utm_content=in_article_link\" rel=\"nofollow noopener\" target=\"_blank\" data-ylk=\"slk:Paris;elm:context_link;itc:0;sec:content-canvas\" class=\"link \">Paris<\/a> en vue des <a href=\"https:\/\/www.20minutes.fr\/municipales\/?at_medium=RSS%20feed&amp;at_campaign=ynews&amp;utm_source=yahoo&amp;utm_medium=rss&amp;utm_campaign=news_feed&amp;utm_content=in_article_link\" rel=\"nofollow noopener\" target=\"_blank\" data-ylk=\"slk:\u00e9lections municipales de\u00a02026;elm:context_link;itc:0;sec:content-canvas\" class=\"link \">\u00e9lections municipales de\u00a02026<\/a>. Le d\u00e9put\u00e9 <a href=\"https:\/\/www.20minutes.fr\/politique\/ps\/?at_medium=RSS%20feed&amp;at_campaign=ynews&amp;utm_source=yahoo&amp;utm_medium=rss&amp;utm_campaign=news_feed&amp;utm_content=in_article_link\" rel=\"nofollow noopener\" target=\"_blank\" data-ylk=\"slk:socialiste;elm:context_link;itc:0;sec:content-canvas\" class=\"link \">socialiste<\/a> Emmanuel Gr\u00e9goire a annonc\u00e9 une candidature commune d\u00e8s le premier tour avec les <a href=\"https:\/\/www.20minutes.fr\/politique\/eelv\/?at_medium=RSS%20feed&amp;at_campaign=ynews&amp;utm_source=yahoo&amp;utm_medium=rss&amp;utm_campaign=news_feed&amp;utm_content=in_article_link\" rel=\"nofollow noopener\" target=\"_blank\" data-ylk=\"slk:\u00e9cologistes;elm:context_link;itc:0;sec:content-canvas\" class=\"link \">\u00e9cologistes<\/a> et les <a href=\"https:\/\/www.20minutes.fr\/politique\/pcf\/?at_medium=RSS%20feed&amp;at_campaign=ynews&amp;utm_source=yahoo&amp;utm_medium=rss&amp;utm_campaign=news_feed&amp;utm_content=in_article_link\" rel=\"nofollow noopener\" target=\"_blank\" data-ylk=\"slk:communistes;elm:context_link;itc:0;sec:content-canvas\" class=\"link \">communistes<\/a> parisiens, sans La France insoumise. Cette alliance marque une \u00e9tape politique in\u00e9dite dans la capitale, port\u00e9e par les principales forces de gauche hors <a href=\"https:\/\/www.20minutes.fr\/politique\/france-insoumise\/?at_medium=RSS%20feed&amp;at_campaign=ynews&amp;utm_source=yahoo&amp;utm_medium=rss&amp;utm_campaign=news_feed&amp;utm_content=in_article_link\" rel=\"nofollow noopener\" target=\"_blank\" data-ylk=\"slk:LFI;elm:context_link;itc:0;sec:content-canvas\" class=\"link \">LFI<\/a>.<\/p>\n<p class=\"mb-4 text-lg md:leading-8 break-words\">Selon le communiqu\u00e9 cit\u00e9 par l\u2019AFP, Emmanuel Gr\u00e9goire a salu\u00e9 \u00ab\u00a0un moment historique\u00a0\u00bb, affirmant que \u00ab\u00a0pour la premi\u00e8re fois dans l\u2019histoire de la gauche \u00e0 Paris, socialistes, \u00e9cologistes, communistes font le choix de l\u2019unit\u00e9 d\u00e8s le premier tour\u00a0\u00bb. L\u2019accord a \u00e9t\u00e9 largement valid\u00e9 par les instances partisanes, avec un vote favorable \u00e0 85\u00a0% du Conseil f\u00e9d\u00e9ral des socialistes parisiens et un soutien d\u00e9terminant des militants \u00e9cologistes de la capitale.<\/p>\n<p>Une union de la gauche pour remporter Paris<\/p>\n<p class=\"mb-4 text-lg md:leading-8 break-words\">Les Ecologistes de Paris ont confirm\u00e9 cette dynamique, indiquant avoir approuv\u00e9 \u00ab\u00a0\u00e0 73,7\u00a0% des suffrages exprim\u00e9s le projet d\u2019union au 1er tour avec le PS, le PC, <a href=\"https:\/\/www.20minutes.fr\/politique\/place-publique-parti-politique\/?at_medium=RSS%20feed&amp;at_campaign=ynews&amp;utm_source=yahoo&amp;utm_medium=rss&amp;utm_campaign=news_feed&amp;utm_content=in_article_link\" rel=\"nofollow noopener\" target=\"_blank\" data-ylk=\"slk:Place Publique;elm:context_link;itc:0;sec:content-canvas\" class=\"link \">Place Publique<\/a> et l\u2019Apr\u00e8s\u00a0\u00bb. Ils estiment que ce vote \u00ab\u00a0cr\u00e9e les conditions pour que l\u2019union de la gauche et des \u00e9cologistes gagne les \u00e9lections municipales \u00e0 Paris en\u00a02026, au 1er et au 2nd tour\u00a0\u00bb, dans un contexte de confrontation politique marqu\u00e9 avec la droite parisienne et Rachida Dati.<\/p>\n<p><a href=\"https:\/\/www.20minutes.fr\/municipales\/\" rel=\"nofollow noopener\" target=\"_blank\" data-ylk=\"slk:Notre dossier sur les Municipales 2026;elm:context_link;itc:0;sec:content-canvas\" class=\"link \">Notre dossier sur les Municipales 2026<\/a><\/p>\n<p class=\"mb-4 text-lg md:leading-8 break-words\">Le communiqu\u00e9 d\u2019EELV insiste sur la port\u00e9e politique de ce choix, pr\u00e9sent\u00e9 comme \u00ab\u00a0un choix de fid\u00e9lit\u00e9 aux valeurs des Ecologistes et fid\u00e8le(&#8230;)<\/p>\n<p class=\"mb-4 text-lg md:leading-8 break-words\"><a href=\"https:\/\/www.20minutes.fr\/politique\/4192089-20251218-municipales-2026-paris-socialistes-ecologistes-communistes-unis-derriere-emmanuel-gregoire-lfi?at_medium=RSS%20feed&amp;at_campaign=ynews&amp;utm_source=yahoo&amp;utm_medium=rss&amp;utm_campaign=news_feed&amp;utm_content=read_more_link&quot;\" rel=\"nofollow noopener\" target=\"_blank\" data-ylk=\"slk:Lire la suite sur 20minutes;elm:context_link;itc:0;sec:content-canvas\" class=\"link \">Lire la suite sur 20minutes<\/a><\/p>\n<p>\u00c0 lire aussi :<br \/><a href=\"https:\/\/www.20minutes.fr\/politique\/david-belliard\/4191985-20251217-municipales-2026-paris-faire-bloc-face-monstre-dati-pourquoi-gauche-range-derriere-gregoire?at_medium=RSS%20feed&amp;at_campaign=ynews&amp;utm_source=yahoo&amp;utm_medium=rss&amp;utm_campaign=news_feed&amp;utm_content=related_content_link\" rel=\"nofollow noopener\" target=\"_blank\" data-ylk=\"slk:Municipales\u00a02026\u00a0\u00e0 Paris\u00a0: Faire bloc face au \u00ab\u00a0monstre Dati\u00a0\u00bb\u2026 Pourquoi la gauche se range derri\u00e8re Gr\u00e9goire;elm:context_link;itc:0;sec:content-canvas\" class=\"link \">Municipales\u00a02026\u00a0\u00e0 Paris\u00a0: Faire bloc face au \u00ab\u00a0monstre Dati\u00a0\u00bb\u2026 Pourquoi la gauche se range derri\u00e8re Gr\u00e9goire<\/a><br \/><a href=\"https:\/\/www.20minutes.fr\/paris\/4191920-20251217-municipales-2026-belliard-range-derriere-gregoire-union-gauche-premier-tour-condition?at_medium=RSS%20feed&amp;at_campaign=ynews&amp;utm_source=yahoo&amp;utm_medium=rss&amp;utm_campaign=news_feed&amp;utm_content=related_content_link\" rel=\"nofollow noopener\" target=\"_blank\" data-ylk=\"slk:Municipales\u00a02026 \u00e0 Paris\u00a0: Belliard se range derri\u00e8re Gr\u00e9goire \u00e0 gauche d\u00e8s le premier tour\u2026 \u00e0 une condition;elm:context_link;itc:0;sec:content-canvas\" class=\"link \">Municipales\u00a02026 \u00e0 Paris\u00a0: Belliard se range derri\u00e8re Gr\u00e9goire \u00e0 gauche d\u00e8s le premier tour\u2026 \u00e0 une condition<\/a><\/p>\n","protected":false},"excerpt":{"rendered":"ACCORD ENTRE PARTIS &#8211; Pour les \u00e9lections municipales de Paris en\u00a02026, la gauche parisienne a act\u00e9 une union&hellip;\n","protected":false},"author":2,"featured_media":606340,"comment_status":"","ping_status":"","sticky":false,"template":"","format":"standard","meta":{"footnotes":""},"categories":[1888],"tags":[1111,1928,11,1927,4188,1777,674,1011,27,17261,71696,12,1926,626,1925,25,34409],"class_list":{"0":"post-606339","1":"post","2":"type-post","3":"status-publish","4":"format-standard","5":"has-post-thumbnail","7":"category-paris","8":"tag-actu","9":"tag-actu-paris","10":"tag-actualites","11":"tag-actualites-paris","12":"tag-elections-municipales","13":"tag-eu","14":"tag-europe","15":"tag-fr","16":"tag-france","17":"tag-gregoire","18":"tag-militants-ecologistes","19":"tag-news","20":"tag-news-paris","21":"tag-paris","22":"tag-paris-news","23":"tag-republique-francaise","24":"tag-union-de-la-gauche"},"share_on_mastodon":{"url":"https:\/\/pubeurope.com\/@fr\/115737672213095971","error":""},"_links":{"self":[{"href":"https:\/\/www.europesays.com\/fr\/wp-json\/wp\/v2\/posts\/606339","targetHints":{"allow":["GET"]}}],"collection":[{"href":"https:\/\/www.europesays.com\/fr\/wp-json\/wp\/v2\/posts"}],"about":[{"href":"https:\/\/www.europesays.com\/fr\/wp-json\/wp\/v2\/types\/post"}],"author":[{"embeddable":true,"href":"https:\/\/www.europesays.com\/fr\/wp-json\/wp\/v2\/users\/2"}],"replies":[{"embeddable":true,"href":"https:\/\/www.europesays.com\/fr\/wp-json\/wp\/v2\/comments?post=606339"}],"version-history":[{"count":0,"href":"https:\/\/www.europesays.com\/fr\/wp-json\/wp\/v2\/posts\/606339\/revisions"}],"wp:featuredmedia":[{"embeddable":true,"href":"https:\/\/www.europesays.com\/fr\/wp-json\/wp\/v2\/media\/606340"}],"wp:attachment":[{"href":"https:\/\/www.europesays.com\/fr\/wp-json\/wp\/v2\/media?parent=606339"}],"wp:term":[{"taxonomy":"category","embeddable":true,"href":"https:\/\/www.europesays.com\/fr\/wp-json\/wp\/v2\/categories?post=606339"},{"taxonomy":"post_tag","embeddable":true,"href":"https:\/\/www.europesays.com\/fr\/wp-json\/wp\/v2\/tags?post=606339"}],"curies":[{"name":"wp","href":"https:\/\/api.w.org\/{rel}","templated":true}]}}