{"id":606343,"date":"2025-12-18T00:12:18","date_gmt":"2025-12-18T00:12:18","guid":{"rendered":"https:\/\/www.europesays.com\/fr\/606343\/"},"modified":"2025-12-18T00:12:18","modified_gmt":"2025-12-18T00:12:18","slug":"bhv-le-conseil-de-paris-valide-lannonce-choc-danne-hidalgo","status":"publish","type":"post","link":"https:\/\/www.europesays.com\/fr\/606343\/","title":{"rendered":"BHV: le conseil de Paris valide l&rsquo;annonce choc d&rsquo;Anne Hidalgo"},"content":{"rendered":"<p>\n                                    <b>Publi\u00e9 le<\/b><br \/>\n                                    <\/p>\n<p>                                        18 d\u00e9cembre 2025<\/p>\n<p class=\"article-content col-md-8 offset-md-1\">\n                                Anne Hidalgo a r\u00e9serv\u00e9 une surprise aux observateurs du dossier BHV cette semaine. La maire de Paris a annonc\u00e9 mardi qu&rsquo;elle souhaitait que la ville puisse se donner les moyens d&rsquo;une reprise des murs du grand magasin, en cas d&rsquo;\u00e9chec du projet de rachat port\u00e9 par la SGM de Fr\u00e9d\u00e9ric Merlin.<\/p>\n<p><img decoding=\"async\" class=\"news-image\" style=\"width:100%;max-width:768px;\" src=\"https:\/\/www.europesays.com\/fr\/wp-content\/uploads\/2025\/12\/aa2a.jpg\" alt=\"\" loading=\"lazy\"\/> AFP<\/p>\n<p>Le dirigeant, devenu sulfureux ces derniers mois apr\u00e8s l&rsquo;installation de la marque Shein au dernier niveau du b\u00e2timent amiral du Bazar de l&rsquo;H\u00f4tel de Ville, doit pr\u00e9senter aux dirigeants du groupe Lafayette, actuel propri\u00e9taire des murs, le financement de son plan de reprise, promis depuis des mois. La derni\u00e8re \u00e9ch\u00e9ance concernant la promesse de vente est fix\u00e9e \u00e0 ce vendredi 19 d\u00e9cembre.<\/p>\n<p>Dans ce contexte, l&rsquo;annonce de la maire de la capitale est venue ajouter un nouvel \u00e9pisode dans ce dossier complexe. L&rsquo;ex\u00e9cutif de la capitale a pr\u00e9sent\u00e9, par Nicolas Bonnet Oulaldj, adjoint \u00e0 la maire de Paris en charge du commerce, son v\u0153u sur l\u2019avenir du b\u00e2timent au conseil de Paris. Celui-ci a adopt\u00e9 le v\u0153u. Ce qui permettra, dans le cas d&rsquo;une remise en vente des murs du BHV, \u00e0 la mairie de se positionner dans le dossier.<\/p>\n<p class=\"col-md-8 offset-md-1 article-content--texte\">Le v\u0153u formul\u00e9 par l&rsquo;adjoint au Commerce d\u00e9taille ainsi des \u00e9l\u00e9ments cl\u00e9s d&rsquo;un projet dans lequel s&rsquo;investirait la ville.<\/p>\n<p>\u00ab\u00a0Par ce v\u0153u, la Ville s\u2019engage \u00e0 \u00e9tudier les montages juridiques et financiers envisageables, comme elle le fait r\u00e9guli\u00e8rement pour des op\u00e9rations immobili\u00e8res complexes, susceptibles d\u2019\u00eatre port\u00e9es et financ\u00e9es par des op\u00e9rateurs publics ou parapublics (Caisse des d\u00e9p\u00f4ts, SEM de la Ville, bailleurs sociaux), par des op\u00e9rateurs priv\u00e9s avec ou sans participation citoyenne afin de s\u00e9curiser un projet d\u2019int\u00e9r\u00eat g\u00e9n\u00e9ral, sans qu\u2019elle n\u2019ait vocation \u00e0 assumer l\u2019op\u00e9ration \u00e0 100%\u00a0\u00bb, est-il \u00e9crit.<br \/>\u00a0<br \/>Le texte pr\u00e9cise que plusieurs sc\u00e9narios sont envisag\u00e9s. \u00ab\u00a0Un portage par un acteur public ou parapublic, associ\u00e9 \u00e0 des partenaires priv\u00e9s, la Ville jouant un r\u00f4le d\u2019orientation, de s\u00e9curisation et d\u2019encadrement, sans financement exclusif\u00a0\u00bb. Le second projet consid\u00e9r\u00e9 est celui d'\u00a0\u00bbun portage mixte associant un investisseur engag\u00e9 dans le made in France et l\u2019\u00e9conomie r\u00e9elle, avec un projet clair en mati\u00e8re d\u2019emploi et de niveaux de loyers\u00a0\u00bb.<br \/>\u00a0<br \/>L&rsquo;ex\u00e9cutif pr\u00e9cise vouloir pr\u00e9server une activit\u00e9 commerciale qui ferait du BHV \u00ab\u00a0une vitrine du &lsquo;Fabriqu\u00e9 en France&rsquo;, des savoir-faire, des cr\u00e9ateurs et des marques labellis\u00e9es &lsquo;Fabriqu\u00e9 \u00e0 Paris'\u00a0\u00bb. La mairie envisage \u00e9galement une conversion d&rsquo;une part des 55.000 m\u00e8tres carr\u00e9s en logements.\u00a0<\/p>\n<p>Le document pr\u00e9cise que ce v\u0153u va permettre, si besoin, d&rsquo;avoir \u00ab\u00a0la capacit\u00e9 de s\u2019assoir \u00e0 la table des n\u00e9gociations afin de prot\u00e9ger l\u2019avenir du site\u00a0\u00bb.\u00a0<\/p>\n<p>Tout d\u00e9pendra donc de la capacit\u00e9 de la SGM \u00e0 valider ou non le rachat ce vendredi.\n                            <\/p>\n<p>\n                                Tous droits de reproduction et de repr\u00e9sentation r\u00e9serv\u00e9s.<br \/>\u00a9 2025 FashionNetwork.com\n                            <\/p>\n","protected":false},"excerpt":{"rendered":"Publi\u00e9 le 18 d\u00e9cembre 2025 Anne Hidalgo a r\u00e9serv\u00e9 une surprise aux observateurs du dossier BHV cette semaine.&hellip;\n","protected":false},"author":2,"featured_media":606344,"comment_status":"","ping_status":"","sticky":false,"template":"","format":"standard","meta":{"footnotes":""},"categories":[1888],"tags":[11,2424,537,2423,1777,674,1011,27,2425,985,12,2298,626,2426,2427,25,2421,2422],"class_list":{"0":"post-606343","1":"post","2":"type-post","3":"status-publish","4":"format-standard","5":"has-post-thumbnail","7":"category-paris","8":"tag-actualites","9":"tag-beaute","10":"tag-contact","11":"tag-cosmetiques","12":"tag-eu","13":"tag-europe","14":"tag-fr","15":"tag-france","16":"tag-luxe","17":"tag-mode","18":"tag-news","19":"tag-parfum","20":"tag-paris","21":"tag-professionnel","22":"tag-professionnels","23":"tag-republique-francaise","24":"tag-reseau","25":"tag-textile"},"share_on_mastodon":{"url":"https:\/\/pubeurope.com\/@fr\/115737680637146779","error":""},"_links":{"self":[{"href":"https:\/\/www.europesays.com\/fr\/wp-json\/wp\/v2\/posts\/606343","targetHints":{"allow":["GET"]}}],"collection":[{"href":"https:\/\/www.europesays.com\/fr\/wp-json\/wp\/v2\/posts"}],"about":[{"href":"https:\/\/www.europesays.com\/fr\/wp-json\/wp\/v2\/types\/post"}],"author":[{"embeddable":true,"href":"https:\/\/www.europesays.com\/fr\/wp-json\/wp\/v2\/users\/2"}],"replies":[{"embeddable":true,"href":"https:\/\/www.europesays.com\/fr\/wp-json\/wp\/v2\/comments?post=606343"}],"version-history":[{"count":0,"href":"https:\/\/www.europesays.com\/fr\/wp-json\/wp\/v2\/posts\/606343\/revisions"}],"wp:featuredmedia":[{"embeddable":true,"href":"https:\/\/www.europesays.com\/fr\/wp-json\/wp\/v2\/media\/606344"}],"wp:attachment":[{"href":"https:\/\/www.europesays.com\/fr\/wp-json\/wp\/v2\/media?parent=606343"}],"wp:term":[{"taxonomy":"category","embeddable":true,"href":"https:\/\/www.europesays.com\/fr\/wp-json\/wp\/v2\/categories?post=606343"},{"taxonomy":"post_tag","embeddable":true,"href":"https:\/\/www.europesays.com\/fr\/wp-json\/wp\/v2\/tags?post=606343"}],"curies":[{"name":"wp","href":"https:\/\/api.w.org\/{rel}","templated":true}]}}