{"id":606349,"date":"2025-12-18T00:15:17","date_gmt":"2025-12-18T00:15:17","guid":{"rendered":"https:\/\/www.europesays.com\/fr\/606349\/"},"modified":"2025-12-18T00:15:17","modified_gmt":"2025-12-18T00:15:17","slug":"declin-civilisationnel-les-europeens-appeles-au-courage-face-aux-usa","status":"publish","type":"post","link":"https:\/\/www.europesays.com\/fr\/606349\/","title":{"rendered":"D\u00e9clin civilisationnel: les Europ\u00e9ens appel\u00e9s au \u00ab\u00a0courage\u00a0\u00bb face aux USA"},"content":{"rendered":"<p class=\"ap-StoryElement ap-StoryElement--mb ap-StoryText\">\u00ab\u00a0Des alli\u00e9s de longue date cherchent d\u00e9sormais \u00e0 nous affaiblir\u00a0\u00bb, d\u00e9plore M. O&rsquo;Flaherty. \u00ab\u00a0La r\u00e9cente strat\u00e9gie de s\u00e9curit\u00e9 nationale des Etats-Unis dresse un tableau sombre (&#8230;) et soutient ouvertement les partis d&rsquo;extr\u00eame droite qui \u00e9rodent la coh\u00e9sion sociale, la d\u00e9mocratie et l&rsquo;Etat de droit.\u00a0\u00bb<\/p>\n<p class=\"ap-StoryElement ap-StoryElement--mb ap-StoryText\">Face \u00e0 ce travail de sape, \u00ab\u00a0les dirigeants europ\u00e9ens doivent d\u00e9fendre nos valeurs\u00a0\u00bb, \u00e9crit le commissaire.<\/p>\n<p class=\"ap-StoryElement ap-StoryElement--mb ap-StoryText\">\u00ab\u00a0Si nous n&rsquo;avons pas le courage de r\u00e9affirmer nos valeurs, nous abandonnons le d\u00e9bat. Le d\u00e9clin civilisationnel pr\u00e9dit par nos d\u00e9tracteurs ne viendra pas du fait que nous restons fid\u00e8les \u00e0 nos valeurs et \u00e0 nos principes, mais du fait que nous les abandonnons\u00a0\u00bb, avertit-il.<\/p>\n<p class=\"ap-StoryElement ap-StoryElement--mb ap-StoryText\">La strat\u00e9gie de s\u00e9curit\u00e9 nationale am\u00e9ricaine a suscit\u00e9 des critiques de plusieurs pays europ\u00e9ens. Le chancelier allemand Friedrich Merz en a jug\u00e9 certaines parties \u00ab\u00a0inacceptables\u00a0\u00bb.<\/p>\n<p class=\"ap-StoryElement ap-StoryElement--mb ap-StoryText\">Dans ce texte, l&rsquo;administration am\u00e9ricaine estime que le d\u00e9clin \u00e9conomique de l&rsquo;Europe \u00ab\u00a0est \u00e9clips\u00e9 par la perspective r\u00e9elle et plus sombre d&rsquo;un effacement civilisationnel\u00a0\u00bb.<\/p>\n<p class=\"ap-StoryElement ap-StoryElement--mb ap-StoryText\">Le Conseil de l&rsquo;Europe, qui compte 46 pays membres, est depuis 1949 la vigie de la d\u00e9mocratie et des droits de l&rsquo;homme sur le continent.<\/p>\n","protected":false},"excerpt":{"rendered":"\u00ab\u00a0Des alli\u00e9s de longue date cherchent d\u00e9sormais \u00e0 nous affaiblir\u00a0\u00bb, d\u00e9plore M. O&rsquo;Flaherty. \u00ab\u00a0La r\u00e9cente strat\u00e9gie de s\u00e9curit\u00e9&hellip;\n","protected":false},"author":2,"featured_media":2837,"comment_status":"","ping_status":"","sticky":false,"template":"","format":"standard","meta":{"footnotes":""},"categories":[1589],"tags":[11,312,73,1866,674,12,1864,1865,1863,308],"class_list":{"0":"post-606349","1":"post","2":"type-post","3":"status-publish","4":"format-standard","5":"has-post-thumbnail","7":"category-etats-unis","8":"tag-actualites","9":"tag-diplomatie","10":"tag-etats-unis","11":"tag-etats-unis-damerique","12":"tag-europe","13":"tag-news","14":"tag-united-states","15":"tag-united-states-of-america","16":"tag-us","17":"tag-usa"},"share_on_mastodon":{"url":"https:\/\/pubeurope.com\/@fr\/115737691935643155","error":""},"_links":{"self":[{"href":"https:\/\/www.europesays.com\/fr\/wp-json\/wp\/v2\/posts\/606349","targetHints":{"allow":["GET"]}}],"collection":[{"href":"https:\/\/www.europesays.com\/fr\/wp-json\/wp\/v2\/posts"}],"about":[{"href":"https:\/\/www.europesays.com\/fr\/wp-json\/wp\/v2\/types\/post"}],"author":[{"embeddable":true,"href":"https:\/\/www.europesays.com\/fr\/wp-json\/wp\/v2\/users\/2"}],"replies":[{"embeddable":true,"href":"https:\/\/www.europesays.com\/fr\/wp-json\/wp\/v2\/comments?post=606349"}],"version-history":[{"count":0,"href":"https:\/\/www.europesays.com\/fr\/wp-json\/wp\/v2\/posts\/606349\/revisions"}],"wp:featuredmedia":[{"embeddable":true,"href":"https:\/\/www.europesays.com\/fr\/wp-json\/wp\/v2\/media\/2837"}],"wp:attachment":[{"href":"https:\/\/www.europesays.com\/fr\/wp-json\/wp\/v2\/media?parent=606349"}],"wp:term":[{"taxonomy":"category","embeddable":true,"href":"https:\/\/www.europesays.com\/fr\/wp-json\/wp\/v2\/categories?post=606349"},{"taxonomy":"post_tag","embeddable":true,"href":"https:\/\/www.europesays.com\/fr\/wp-json\/wp\/v2\/tags?post=606349"}],"curies":[{"name":"wp","href":"https:\/\/api.w.org\/{rel}","templated":true}]}}